{"id":1369,"date":"2013-04-30T13:52:49","date_gmt":"2013-04-30T11:52:49","guid":{"rendered":"https:\/\/doctoraminerva.es\/caritas-parroquial-guanyadora-de-la-2a-edicio-del-somriure-de-lany\/"},"modified":"2025-08-21T17:21:34","modified_gmt":"2025-08-21T15:21:34","slug":"caritas-parroquial-guanyadora-de-la-2a-edicio-del-somriure-de-lany","status":"publish","type":"post","link":"https:\/\/doctoraminerva.es\/ca\/caritas-parroquial-guanyadora-de-la-2a-edicio-del-somriure-de-lany\/","title":{"rendered":"C\u00e0ritas Parroquial, guanyadora de la 2\u00aa edici\u00f3 del &#8220;Somriure de l&#8217;any&#8221;"},"content":{"rendered":"<div class=\"fusion-fullwidth fullwidth-box fusion-builder-row-1 fusion-flex-container has-pattern-background has-mask-background nonhundred-percent-fullwidth non-hundred-percent-height-scrolling\" style=\"--link_color: var(--awb-color4);--awb-border-radius-top-left:0px;--awb-border-radius-top-right:0px;--awb-border-radius-bottom-right:0px;--awb-border-radius-bottom-left:0px;--awb-flex-wrap:wrap;\" ><div class=\"fusion-builder-row fusion-row fusion-flex-align-items-flex-start fusion-flex-content-wrap\" style=\"max-width:1508px;margin-left: calc(-4% \/ 2 );margin-right: calc(-4% \/ 2 );\"><div class=\"fusion-layout-column fusion_builder_column fusion-builder-column-0 fusion_builder_column_1_1 1_1 fusion-flex-column\" style=\"--awb-bg-size:cover;--awb-width-large:100%;--awb-margin-top-large:0px;--awb-spacing-right-large:1.92%;--awb-margin-bottom-large:20px;--awb-spacing-left-large:1.92%;--awb-width-medium:100%;--awb-order-medium:0;--awb-spacing-right-medium:1.92%;--awb-spacing-left-medium:1.92%;--awb-width-small:100%;--awb-order-small:0;--awb-spacing-right-small:1.92%;--awb-spacing-left-small:1.92%;\"><div class=\"fusion-column-wrapper fusion-column-has-shadow fusion-flex-justify-content-flex-start fusion-content-layout-column\"><div class=\"fusion-text fusion-text-1\" style=\"--awb-content-alignment:center;--awb-font-size:var(--awb-typography4-font-size);--awb-line-height:var(--awb-typography4-line-height);--awb-letter-spacing:var(--awb-typography4-letter-spacing);--awb-text-transform:var(--awb-typography4-text-transform);--awb-text-color:var(--awb-color6);--awb-text-font-family:var(--awb-typography4-font-family);--awb-text-font-weight:var(--awb-typography4-font-weight);--awb-text-font-style:var(--awb-typography4-font-style);\"><p>C\u00e0ritas Parroquial ha sigut la guanyadora de la segona edici\u00f3 del premi solidari \u201cSomriure de l\u2019any\u201d, entregat per la Cl\u00ednica Dental Doctora Minerva, de Montcada i Reixac.<\/p>\n<p>Aquest premi es va crear amb la volutat de destacar la feina que desenvolupan les diferents entitats locals que treballen en l\u2019\u00e0mbit social, per ajudar els m\u00e9s necesitats.<br \/>\nEl lliurament del premi i la seva dotaci\u00f3 econ\u00f2mica va tenir lloc la diada de Sant Jordi, dins de les activitats que el centre dental organitza cada any aquest dia.<br \/>\nAquest any s\u2019ha volgut destacar la feina que fa C\u00e0ritas en aquests moments de dificultats econ\u00f2miques per a tantes families, provant de cobrir les necessitats b\u00e0siques i recol\u00e7ant-les per mantenir l\u2019optimisme i un somriure d\u2019esperan\u00e7a.<\/p>\n<p>Va rebre el premi, de mans de la Doctora Minerva, el p\u00e0rroc Moss\u00e9n Jaume Casas, en representaci\u00f3 de C\u00e0ritas i en pres\u00e9ncia de l\u2019alcaldessa de la localitat, M\u00aa Elena P\u00e9rez.<\/p>\n<\/div><\/div><\/div><\/div><\/div>\n","protected":false},"excerpt":{"rendered":"","protected":false},"author":1,"featured_media":1212,"comment_status":"closed","ping_status":"closed","sticky":false,"template":"","format":"standard","meta":{"footnotes":""},"categories":[30],"tags":[],"class_list":["post-1369","post","type-post","status-publish","format-standard","has-post-thumbnail","hentry","category-noticies"],"yoast_head":"<!-- This site is optimized with the Yoast SEO plugin v27.5 - https:\/\/yoast.com\/product\/yoast-seo-wordpress\/ -->\n<title>Not\u00edcia a La Vanguardia: Premi Somriure de l\u2019any a C\u00e0ritas<\/title>\n<meta name=\"description\" content=\"El premi destaca la tasca que desenvolupen les diferents entitats locals en l&#039;\u00e0mbit social per a ajudar als m\u00e9s necessitats.\" \/>\n<meta name=\"robots\" content=\"index, follow, max-snippet:-1, max-image-preview:large, max-video-preview:-1\" \/>\n<link rel=\"canonical\" href=\"https:\/\/doctoraminerva.es\/ca\/caritas-parroquial-guanyadora-de-la-2a-edicio-del-somriure-de-lany\/\" \/>\n<meta property=\"og:locale\" content=\"ca_ES\" \/>\n<meta property=\"og:type\" content=\"article\" \/>\n<meta property=\"og:title\" content=\"Not\u00edcia a La Vanguardia: Premi Somriure de l\u2019any a C\u00e0ritas\" \/>\n<meta property=\"og:description\" content=\"El premi destaca la tasca que desenvolupen les diferents entitats locals en l&#039;\u00e0mbit social per a ajudar als m\u00e9s necessitats.\" \/>\n<meta property=\"og:url\" content=\"https:\/\/doctoraminerva.es\/ca\/caritas-parroquial-guanyadora-de-la-2a-edicio-del-somriure-de-lany\/\" \/>\n<meta property=\"og:site_name\" content=\"Cl\u00ednica dental en Montcada i Reixac de la Doctora Minerva.\" \/>\n<meta property=\"article:published_time\" content=\"2013-04-30T11:52:49+00:00\" \/>\n<meta property=\"article:modified_time\" content=\"2025-08-21T15:21:34+00:00\" \/>\n<meta property=\"og:image\" content=\"https:\/\/doctoraminerva.es\/wp-content\/uploads\/caritas-montcada_x.webp\" \/>\n\t<meta property=\"og:image:width\" content=\"966\" \/>\n\t<meta property=\"og:image:height\" content=\"630\" \/>\n\t<meta property=\"og:image:type\" content=\"image\/webp\" \/>\n<meta name=\"author\" content=\"Minerva\" \/>\n<meta name=\"twitter:card\" content=\"summary_large_image\" \/>\n<meta name=\"twitter:label1\" content=\"Escrit per\" \/>\n\t<meta name=\"twitter:data1\" content=\"Minerva\" \/>\n\t<meta name=\"twitter:label2\" content=\"Temps estimat de lectura\" \/>\n\t<meta name=\"twitter:data2\" content=\"6 minuts\" \/>\n<script type=\"application\/ld+json\" class=\"yoast-schema-graph\">{\"@context\":\"https:\\\/\\\/schema.org\",\"@graph\":[{\"@type\":\"Article\",\"@id\":\"https:\\\/\\\/doctoraminerva.es\\\/ca\\\/caritas-parroquial-guanyadora-de-la-2a-edicio-del-somriure-de-lany\\\/#article\",\"isPartOf\":{\"@id\":\"https:\\\/\\\/doctoraminerva.es\\\/ca\\\/caritas-parroquial-guanyadora-de-la-2a-edicio-del-somriure-de-lany\\\/\"},\"author\":{\"name\":\"Minerva\",\"@id\":\"https:\\\/\\\/doctoraminerva.es\\\/ca\\\/#\\\/schema\\\/person\\\/d07a75491c0215611ce5f01c8ce7621f\"},\"headline\":\"C\u00e0ritas Parroquial, guanyadora de la 2\u00aa edici\u00f3 del &#8220;Somriure de l&#8217;any&#8221;\",\"datePublished\":\"2013-04-30T11:52:49+00:00\",\"dateModified\":\"2025-08-21T15:21:34+00:00\",\"mainEntityOfPage\":{\"@id\":\"https:\\\/\\\/doctoraminerva.es\\\/ca\\\/caritas-parroquial-guanyadora-de-la-2a-edicio-del-somriure-de-lany\\\/\"},\"wordCount\":1263,\"image\":{\"@id\":\"https:\\\/\\\/doctoraminerva.es\\\/ca\\\/caritas-parroquial-guanyadora-de-la-2a-edicio-del-somriure-de-lany\\\/#primaryimage\"},\"thumbnailUrl\":\"https:\\\/\\\/doctoraminerva.es\\\/wp-content\\\/uploads\\\/caritas-montcada_x.webp\",\"articleSection\":[\"not\u00edcies\"],\"inLanguage\":\"ca\"},{\"@type\":\"WebPage\",\"@id\":\"https:\\\/\\\/doctoraminerva.es\\\/ca\\\/caritas-parroquial-guanyadora-de-la-2a-edicio-del-somriure-de-lany\\\/\",\"url\":\"https:\\\/\\\/doctoraminerva.es\\\/ca\\\/caritas-parroquial-guanyadora-de-la-2a-edicio-del-somriure-de-lany\\\/\",\"name\":\"Not\u00edcia a La Vanguardia: Premi Somriure de l\u2019any a C\u00e0ritas\",\"isPartOf\":{\"@id\":\"https:\\\/\\\/doctoraminerva.es\\\/ca\\\/#website\"},\"primaryImageOfPage\":{\"@id\":\"https:\\\/\\\/doctoraminerva.es\\\/ca\\\/caritas-parroquial-guanyadora-de-la-2a-edicio-del-somriure-de-lany\\\/#primaryimage\"},\"image\":{\"@id\":\"https:\\\/\\\/doctoraminerva.es\\\/ca\\\/caritas-parroquial-guanyadora-de-la-2a-edicio-del-somriure-de-lany\\\/#primaryimage\"},\"thumbnailUrl\":\"https:\\\/\\\/doctoraminerva.es\\\/wp-content\\\/uploads\\\/caritas-montcada_x.webp\",\"datePublished\":\"2013-04-30T11:52:49+00:00\",\"dateModified\":\"2025-08-21T15:21:34+00:00\",\"author\":{\"@id\":\"https:\\\/\\\/doctoraminerva.es\\\/ca\\\/#\\\/schema\\\/person\\\/d07a75491c0215611ce5f01c8ce7621f\"},\"description\":\"El premi destaca la tasca que desenvolupen les diferents entitats locals en l'\u00e0mbit social per a ajudar als m\u00e9s necessitats.\",\"breadcrumb\":{\"@id\":\"https:\\\/\\\/doctoraminerva.es\\\/ca\\\/caritas-parroquial-guanyadora-de-la-2a-edicio-del-somriure-de-lany\\\/#breadcrumb\"},\"inLanguage\":\"ca\",\"potentialAction\":[{\"@type\":\"ReadAction\",\"target\":[\"https:\\\/\\\/doctoraminerva.es\\\/ca\\\/caritas-parroquial-guanyadora-de-la-2a-edicio-del-somriure-de-lany\\\/\"]}]},{\"@type\":\"ImageObject\",\"inLanguage\":\"ca\",\"@id\":\"https:\\\/\\\/doctoraminerva.es\\\/ca\\\/caritas-parroquial-guanyadora-de-la-2a-edicio-del-somriure-de-lany\\\/#primaryimage\",\"url\":\"https:\\\/\\\/doctoraminerva.es\\\/wp-content\\\/uploads\\\/caritas-montcada_x.webp\",\"contentUrl\":\"https:\\\/\\\/doctoraminerva.es\\\/wp-content\\\/uploads\\\/caritas-montcada_x.webp\",\"width\":966,\"height\":630,\"caption\":\"C\u00e0ritas Montcada i Reixac\"},{\"@type\":\"BreadcrumbList\",\"@id\":\"https:\\\/\\\/doctoraminerva.es\\\/ca\\\/caritas-parroquial-guanyadora-de-la-2a-edicio-del-somriure-de-lany\\\/#breadcrumb\",\"itemListElement\":[{\"@type\":\"ListItem\",\"position\":1,\"name\":\"Inici\",\"item\":\"https:\\\/\\\/doctoraminerva.es\\\/ca\\\/\"},{\"@type\":\"ListItem\",\"position\":2,\"name\":\"C\u00e0ritas Parroquial, guanyadora de la 2\u00aa edici\u00f3 del &#8220;Somriure de l&#8217;any&#8221;\"}]},{\"@type\":\"WebSite\",\"@id\":\"https:\\\/\\\/doctoraminerva.es\\\/ca\\\/#website\",\"url\":\"https:\\\/\\\/doctoraminerva.es\\\/ca\\\/\",\"name\":\"Cl\u00ednica dental en Montcada i Reixac de la Doctora Minerva.\",\"description\":\"\",\"potentialAction\":[{\"@type\":\"SearchAction\",\"target\":{\"@type\":\"EntryPoint\",\"urlTemplate\":\"https:\\\/\\\/doctoraminerva.es\\\/ca\\\/?s={search_term_string}\"},\"query-input\":{\"@type\":\"PropertyValueSpecification\",\"valueRequired\":true,\"valueName\":\"search_term_string\"}}],\"inLanguage\":\"ca\"},{\"@type\":\"Person\",\"@id\":\"https:\\\/\\\/doctoraminerva.es\\\/ca\\\/#\\\/schema\\\/person\\\/d07a75491c0215611ce5f01c8ce7621f\",\"name\":\"Minerva\",\"sameAs\":[\"https:\\\/\\\/doctoraminerva.es\"],\"url\":\"https:\\\/\\\/doctoraminerva.es\\\/ca\\\/author\\\/Minerva\\\/\"}]}<\/script>\n<!-- \/ Yoast SEO plugin. -->","yoast_head_json":{"title":"Not\u00edcia a La Vanguardia: Premi Somriure de l\u2019any a C\u00e0ritas","description":"El premi destaca la tasca que desenvolupen les diferents entitats locals en l'\u00e0mbit social per a ajudar als m\u00e9s necessitats.","robots":{"index":"index","follow":"follow","max-snippet":"max-snippet:-1","max-image-preview":"max-image-preview:large","max-video-preview":"max-video-preview:-1"},"canonical":"https:\/\/doctoraminerva.es\/ca\/caritas-parroquial-guanyadora-de-la-2a-edicio-del-somriure-de-lany\/","og_locale":"ca_ES","og_type":"article","og_title":"Not\u00edcia a La Vanguardia: Premi Somriure de l\u2019any a C\u00e0ritas","og_description":"El premi destaca la tasca que desenvolupen les diferents entitats locals en l'\u00e0mbit social per a ajudar als m\u00e9s necessitats.","og_url":"https:\/\/doctoraminerva.es\/ca\/caritas-parroquial-guanyadora-de-la-2a-edicio-del-somriure-de-lany\/","og_site_name":"Cl\u00ednica dental en Montcada i Reixac de la Doctora Minerva.","article_published_time":"2013-04-30T11:52:49+00:00","article_modified_time":"2025-08-21T15:21:34+00:00","og_image":[{"width":966,"height":630,"url":"https:\/\/doctoraminerva.es\/wp-content\/uploads\/caritas-montcada_x.webp","type":"image\/webp"}],"author":"Minerva","twitter_card":"summary_large_image","twitter_misc":{"Escrit per":"Minerva","Temps estimat de lectura":"6 minuts"},"schema":{"@context":"https:\/\/schema.org","@graph":[{"@type":"Article","@id":"https:\/\/doctoraminerva.es\/ca\/caritas-parroquial-guanyadora-de-la-2a-edicio-del-somriure-de-lany\/#article","isPartOf":{"@id":"https:\/\/doctoraminerva.es\/ca\/caritas-parroquial-guanyadora-de-la-2a-edicio-del-somriure-de-lany\/"},"author":{"name":"Minerva","@id":"https:\/\/doctoraminerva.es\/ca\/#\/schema\/person\/d07a75491c0215611ce5f01c8ce7621f"},"headline":"C\u00e0ritas Parroquial, guanyadora de la 2\u00aa edici\u00f3 del &#8220;Somriure de l&#8217;any&#8221;","datePublished":"2013-04-30T11:52:49+00:00","dateModified":"2025-08-21T15:21:34+00:00","mainEntityOfPage":{"@id":"https:\/\/doctoraminerva.es\/ca\/caritas-parroquial-guanyadora-de-la-2a-edicio-del-somriure-de-lany\/"},"wordCount":1263,"image":{"@id":"https:\/\/doctoraminerva.es\/ca\/caritas-parroquial-guanyadora-de-la-2a-edicio-del-somriure-de-lany\/#primaryimage"},"thumbnailUrl":"https:\/\/doctoraminerva.es\/wp-content\/uploads\/caritas-montcada_x.webp","articleSection":["not\u00edcies"],"inLanguage":"ca"},{"@type":"WebPage","@id":"https:\/\/doctoraminerva.es\/ca\/caritas-parroquial-guanyadora-de-la-2a-edicio-del-somriure-de-lany\/","url":"https:\/\/doctoraminerva.es\/ca\/caritas-parroquial-guanyadora-de-la-2a-edicio-del-somriure-de-lany\/","name":"Not\u00edcia a La Vanguardia: Premi Somriure de l\u2019any a C\u00e0ritas","isPartOf":{"@id":"https:\/\/doctoraminerva.es\/ca\/#website"},"primaryImageOfPage":{"@id":"https:\/\/doctoraminerva.es\/ca\/caritas-parroquial-guanyadora-de-la-2a-edicio-del-somriure-de-lany\/#primaryimage"},"image":{"@id":"https:\/\/doctoraminerva.es\/ca\/caritas-parroquial-guanyadora-de-la-2a-edicio-del-somriure-de-lany\/#primaryimage"},"thumbnailUrl":"https:\/\/doctoraminerva.es\/wp-content\/uploads\/caritas-montcada_x.webp","datePublished":"2013-04-30T11:52:49+00:00","dateModified":"2025-08-21T15:21:34+00:00","author":{"@id":"https:\/\/doctoraminerva.es\/ca\/#\/schema\/person\/d07a75491c0215611ce5f01c8ce7621f"},"description":"El premi destaca la tasca que desenvolupen les diferents entitats locals en l'\u00e0mbit social per a ajudar als m\u00e9s necessitats.","breadcrumb":{"@id":"https:\/\/doctoraminerva.es\/ca\/caritas-parroquial-guanyadora-de-la-2a-edicio-del-somriure-de-lany\/#breadcrumb"},"inLanguage":"ca","potentialAction":[{"@type":"ReadAction","target":["https:\/\/doctoraminerva.es\/ca\/caritas-parroquial-guanyadora-de-la-2a-edicio-del-somriure-de-lany\/"]}]},{"@type":"ImageObject","inLanguage":"ca","@id":"https:\/\/doctoraminerva.es\/ca\/caritas-parroquial-guanyadora-de-la-2a-edicio-del-somriure-de-lany\/#primaryimage","url":"https:\/\/doctoraminerva.es\/wp-content\/uploads\/caritas-montcada_x.webp","contentUrl":"https:\/\/doctoraminerva.es\/wp-content\/uploads\/caritas-montcada_x.webp","width":966,"height":630,"caption":"C\u00e0ritas Montcada i Reixac"},{"@type":"BreadcrumbList","@id":"https:\/\/doctoraminerva.es\/ca\/caritas-parroquial-guanyadora-de-la-2a-edicio-del-somriure-de-lany\/#breadcrumb","itemListElement":[{"@type":"ListItem","position":1,"name":"Inici","item":"https:\/\/doctoraminerva.es\/ca\/"},{"@type":"ListItem","position":2,"name":"C\u00e0ritas Parroquial, guanyadora de la 2\u00aa edici\u00f3 del &#8220;Somriure de l&#8217;any&#8221;"}]},{"@type":"WebSite","@id":"https:\/\/doctoraminerva.es\/ca\/#website","url":"https:\/\/doctoraminerva.es\/ca\/","name":"Cl\u00ednica dental en Montcada i Reixac de la Doctora Minerva.","description":"","potentialAction":[{"@type":"SearchAction","target":{"@type":"EntryPoint","urlTemplate":"https:\/\/doctoraminerva.es\/ca\/?s={search_term_string}"},"query-input":{"@type":"PropertyValueSpecification","valueRequired":true,"valueName":"search_term_string"}}],"inLanguage":"ca"},{"@type":"Person","@id":"https:\/\/doctoraminerva.es\/ca\/#\/schema\/person\/d07a75491c0215611ce5f01c8ce7621f","name":"Minerva","sameAs":["https:\/\/doctoraminerva.es"],"url":"https:\/\/doctoraminerva.es\/ca\/author\/Minerva\/"}]}},"_links":{"self":[{"href":"https:\/\/doctoraminerva.es\/ca\/wp-json\/wp\/v2\/posts\/1369","targetHints":{"allow":["GET"]}}],"collection":[{"href":"https:\/\/doctoraminerva.es\/ca\/wp-json\/wp\/v2\/posts"}],"about":[{"href":"https:\/\/doctoraminerva.es\/ca\/wp-json\/wp\/v2\/types\/post"}],"author":[{"embeddable":true,"href":"https:\/\/doctoraminerva.es\/ca\/wp-json\/wp\/v2\/users\/1"}],"replies":[{"embeddable":true,"href":"https:\/\/doctoraminerva.es\/ca\/wp-json\/wp\/v2\/comments?post=1369"}],"version-history":[{"count":0,"href":"https:\/\/doctoraminerva.es\/ca\/wp-json\/wp\/v2\/posts\/1369\/revisions"}],"wp:featuredmedia":[{"embeddable":true,"href":"https:\/\/doctoraminerva.es\/ca\/wp-json\/wp\/v2\/media\/1212"}],"wp:attachment":[{"href":"https:\/\/doctoraminerva.es\/ca\/wp-json\/wp\/v2\/media?parent=1369"}],"wp:term":[{"taxonomy":"category","embeddable":true,"href":"https:\/\/doctoraminerva.es\/ca\/wp-json\/wp\/v2\/categories?post=1369"},{"taxonomy":"post_tag","embeddable":true,"href":"https:\/\/doctoraminerva.es\/ca\/wp-json\/wp\/v2\/tags?post=1369"}],"curies":[{"name":"wp","href":"https:\/\/api.w.org\/{rel}","templated":true}]}}