{"id":1363,"date":"2013-05-08T13:26:19","date_gmt":"2013-05-08T11:26:19","guid":{"rendered":"https:\/\/doctoraminerva.es\/doctora-minerva-a-lavantguarda-en-esterilitzacio\/"},"modified":"2025-08-21T17:19:10","modified_gmt":"2025-08-21T15:19:10","slug":"doctora-minerva-a-lavantguarda-en-esterilitzacio","status":"publish","type":"post","link":"https:\/\/doctoraminerva.es\/ca\/doctora-minerva-a-lavantguarda-en-esterilitzacio\/","title":{"rendered":"Doctora Minerva: A l&#8217;avantguarda en esterilitzaci\u00f3"},"content":{"rendered":"<div class=\"fusion-fullwidth fullwidth-box fusion-builder-row-1 fusion-flex-container has-pattern-background has-mask-background nonhundred-percent-fullwidth non-hundred-percent-height-scrolling\" style=\"--link_color: var(--awb-color4);--awb-border-radius-top-left:0px;--awb-border-radius-top-right:0px;--awb-border-radius-bottom-right:0px;--awb-border-radius-bottom-left:0px;--awb-flex-wrap:wrap;\" ><div class=\"fusion-builder-row fusion-row fusion-flex-align-items-flex-start fusion-flex-content-wrap\" style=\"max-width:1508px;margin-left: calc(-4% \/ 2 );margin-right: calc(-4% \/ 2 );\"><div class=\"fusion-layout-column fusion_builder_column fusion-builder-column-0 fusion_builder_column_1_1 1_1 fusion-flex-column\" style=\"--awb-bg-size:cover;--awb-width-large:100%;--awb-margin-top-large:0px;--awb-spacing-right-large:1.92%;--awb-margin-bottom-large:20px;--awb-spacing-left-large:1.92%;--awb-width-medium:100%;--awb-order-medium:0;--awb-spacing-right-medium:1.92%;--awb-spacing-left-medium:1.92%;--awb-width-small:100%;--awb-order-small:0;--awb-spacing-right-small:1.92%;--awb-spacing-left-small:1.92%;\"><div class=\"fusion-column-wrapper fusion-column-has-shadow fusion-flex-justify-content-flex-start fusion-content-layout-column\"><div class=\"fusion-image-element \" style=\"text-align:center;--awb-margin-bottom:15px;--awb-caption-title-font-family:var(--h2_typography-font-family);--awb-caption-title-font-weight:var(--h2_typography-font-weight);--awb-caption-title-font-style:var(--h2_typography-font-style);--awb-caption-title-size:var(--h2_typography-font-size);--awb-caption-title-transform:var(--h2_typography-text-transform);--awb-caption-title-line-height:var(--h2_typography-line-height);--awb-caption-title-letter-spacing:var(--h2_typography-letter-spacing);\"><span class=\" fusion-imageframe imageframe-none imageframe-1 hover-type-none\"><img decoding=\"async\" width=\"800\" height=\"597\" alt=\"esterilizaci\u00f3\" title=\"esterilizacion-doctoraminerva_x\" src=\"https:\/\/doctoraminerva.es\/wp-content\/uploads\/esterilizacion-doctoraminerva_x.webp\" class=\"img-responsive wp-image-1191\" srcset=\"https:\/\/doctoraminerva.es\/wp-content\/uploads\/esterilizacion-doctoraminerva_x-200x149.webp 200w, https:\/\/doctoraminerva.es\/wp-content\/uploads\/esterilizacion-doctoraminerva_x-400x299.webp 400w, https:\/\/doctoraminerva.es\/wp-content\/uploads\/esterilizacion-doctoraminerva_x-600x448.webp 600w, https:\/\/doctoraminerva.es\/wp-content\/uploads\/esterilizacion-doctoraminerva_x.webp 800w\" sizes=\"(max-width: 780px) 100vw, 800px\" \/><\/span><\/div><div class=\"fusion-text fusion-text-1\" style=\"--awb-font-size:var(--awb-typography4-font-size);--awb-line-height:var(--awb-typography4-line-height);--awb-letter-spacing:var(--awb-typography4-letter-spacing);--awb-text-transform:var(--awb-typography4-text-transform);--awb-text-color:var(--awb-color6);--awb-text-font-family:var(--awb-typography4-font-family);--awb-text-font-weight:var(--awb-typography4-font-weight);--awb-text-font-style:var(--awb-typography4-font-style);\"><p>Amb la intenci\u00f3 de seguir sent un centre dental amb la tecnologia m\u00e9s avan\u00e7ada, Doctora Minerva ha adquirit recentment per a la seva cl\u00ednica de Montcada i Reixac un aparell d\u2019esterilitzaci\u00f3 autoclau \u201ctipus B\u201d.<\/p>\n<p>La recent aprovaci\u00f3 d\u2019una nova normativa comunit\u00e0ria, ha obligat a les cl\u00edniques dentals, la utilitzaci\u00f3 d\u2019aquest tipus d\u2019autoclaus que ja s\u2019utilitza en alguns pa\u00efsos del nostre entorn.<\/p>\n<p>Amb aquesta nova normativa es pret\u00e9n que els controls externs biol\u00f2gics (test d\u2019espores) i qu\u00edmics (tira reactiva en cada cicle), garanteixin la seguretat del pacient davant la transmissi\u00f3 d\u2019infeccions.<\/p>\n<\/div><\/div><\/div><\/div><\/div>\n","protected":false},"excerpt":{"rendered":"","protected":false},"author":1,"featured_media":1191,"comment_status":"closed","ping_status":"closed","sticky":false,"template":"","format":"standard","meta":{"footnotes":""},"categories":[30],"tags":[],"class_list":["post-1363","post","type-post","status-publish","format-standard","has-post-thumbnail","hentry","category-noticies"],"yoast_head":"<!-- This site is optimized with the Yoast SEO plugin v27.4 - https:\/\/yoast.com\/product\/yoast-seo-wordpress\/ -->\n<title>Doctora Minerva: A l&#039;avantguarda en esterilitzaci\u00f3<\/title>\n<meta name=\"description\" content=\"Amb aquesta nova normativa es pret\u00e9n que els controls externs biol\u00f2gics (test d\u2019espores) i qu\u00edmics (tira reactiva en cada cicle), garanteixin la seguretat del pacient davant la transmissi\u00f3 d\u2019infeccions.\" \/>\n<meta name=\"robots\" content=\"index, follow, max-snippet:-1, max-image-preview:large, max-video-preview:-1\" \/>\n<link rel=\"canonical\" href=\"https:\/\/doctoraminerva.es\/ca\/doctora-minerva-a-lavantguarda-en-esterilitzacio\/\" \/>\n<meta property=\"og:locale\" content=\"ca_ES\" \/>\n<meta property=\"og:type\" content=\"article\" \/>\n<meta property=\"og:title\" content=\"Doctora Minerva: A l&#039;avantguarda en esterilitzaci\u00f3\" \/>\n<meta property=\"og:description\" content=\"Amb aquesta nova normativa es pret\u00e9n que els controls externs biol\u00f2gics (test d\u2019espores) i qu\u00edmics (tira reactiva en cada cicle), garanteixin la seguretat del pacient davant la transmissi\u00f3 d\u2019infeccions.\" \/>\n<meta property=\"og:url\" content=\"https:\/\/doctoraminerva.es\/ca\/doctora-minerva-a-lavantguarda-en-esterilitzacio\/\" \/>\n<meta property=\"og:site_name\" content=\"Cl\u00ednica dental en Montcada i Reixac de la Doctora Minerva.\" \/>\n<meta property=\"article:published_time\" content=\"2013-05-08T11:26:19+00:00\" \/>\n<meta property=\"article:modified_time\" content=\"2025-08-21T15:19:10+00:00\" \/>\n<meta property=\"og:image\" content=\"https:\/\/doctoraminerva.es\/wp-content\/uploads\/esterilizacion-doctoraminerva_x.webp\" \/>\n\t<meta property=\"og:image:width\" content=\"800\" \/>\n\t<meta property=\"og:image:height\" content=\"597\" \/>\n\t<meta property=\"og:image:type\" content=\"image\/webp\" \/>\n<meta name=\"author\" content=\"Minerva\" \/>\n<meta name=\"twitter:card\" content=\"summary_large_image\" \/>\n<meta name=\"twitter:label1\" content=\"Escrit per\" \/>\n\t<meta name=\"twitter:data1\" content=\"Minerva\" \/>\n\t<meta name=\"twitter:label2\" content=\"Temps estimat de lectura\" \/>\n\t<meta name=\"twitter:data2\" content=\"7 minuts\" \/>\n<script type=\"application\/ld+json\" class=\"yoast-schema-graph\">{\"@context\":\"https:\\\/\\\/schema.org\",\"@graph\":[{\"@type\":\"Article\",\"@id\":\"https:\\\/\\\/doctoraminerva.es\\\/ca\\\/doctora-minerva-a-lavantguarda-en-esterilitzacio\\\/#article\",\"isPartOf\":{\"@id\":\"https:\\\/\\\/doctoraminerva.es\\\/ca\\\/doctora-minerva-a-lavantguarda-en-esterilitzacio\\\/\"},\"author\":{\"name\":\"Minerva\",\"@id\":\"https:\\\/\\\/doctoraminerva.es\\\/ca\\\/#\\\/schema\\\/person\\\/d07a75491c0215611ce5f01c8ce7621f\"},\"headline\":\"Doctora Minerva: A l&#8217;avantguarda en esterilitzaci\u00f3\",\"datePublished\":\"2013-05-08T11:26:19+00:00\",\"dateModified\":\"2025-08-21T15:19:10+00:00\",\"mainEntityOfPage\":{\"@id\":\"https:\\\/\\\/doctoraminerva.es\\\/ca\\\/doctora-minerva-a-lavantguarda-en-esterilitzacio\\\/\"},\"wordCount\":1484,\"image\":{\"@id\":\"https:\\\/\\\/doctoraminerva.es\\\/ca\\\/doctora-minerva-a-lavantguarda-en-esterilitzacio\\\/#primaryimage\"},\"thumbnailUrl\":\"https:\\\/\\\/doctoraminerva.es\\\/wp-content\\\/uploads\\\/esterilizacion-doctoraminerva_x.webp\",\"articleSection\":[\"not\u00edcies\"],\"inLanguage\":\"ca\"},{\"@type\":\"WebPage\",\"@id\":\"https:\\\/\\\/doctoraminerva.es\\\/ca\\\/doctora-minerva-a-lavantguarda-en-esterilitzacio\\\/\",\"url\":\"https:\\\/\\\/doctoraminerva.es\\\/ca\\\/doctora-minerva-a-lavantguarda-en-esterilitzacio\\\/\",\"name\":\"Doctora Minerva: A l'avantguarda en esterilitzaci\u00f3\",\"isPartOf\":{\"@id\":\"https:\\\/\\\/doctoraminerva.es\\\/ca\\\/#website\"},\"primaryImageOfPage\":{\"@id\":\"https:\\\/\\\/doctoraminerva.es\\\/ca\\\/doctora-minerva-a-lavantguarda-en-esterilitzacio\\\/#primaryimage\"},\"image\":{\"@id\":\"https:\\\/\\\/doctoraminerva.es\\\/ca\\\/doctora-minerva-a-lavantguarda-en-esterilitzacio\\\/#primaryimage\"},\"thumbnailUrl\":\"https:\\\/\\\/doctoraminerva.es\\\/wp-content\\\/uploads\\\/esterilizacion-doctoraminerva_x.webp\",\"datePublished\":\"2013-05-08T11:26:19+00:00\",\"dateModified\":\"2025-08-21T15:19:10+00:00\",\"author\":{\"@id\":\"https:\\\/\\\/doctoraminerva.es\\\/ca\\\/#\\\/schema\\\/person\\\/d07a75491c0215611ce5f01c8ce7621f\"},\"description\":\"Amb aquesta nova normativa es pret\u00e9n que els controls externs biol\u00f2gics (test d\u2019espores) i qu\u00edmics (tira reactiva en cada cicle), garanteixin la seguretat del pacient davant la transmissi\u00f3 d\u2019infeccions.\",\"breadcrumb\":{\"@id\":\"https:\\\/\\\/doctoraminerva.es\\\/ca\\\/doctora-minerva-a-lavantguarda-en-esterilitzacio\\\/#breadcrumb\"},\"inLanguage\":\"ca\",\"potentialAction\":[{\"@type\":\"ReadAction\",\"target\":[\"https:\\\/\\\/doctoraminerva.es\\\/ca\\\/doctora-minerva-a-lavantguarda-en-esterilitzacio\\\/\"]}]},{\"@type\":\"ImageObject\",\"inLanguage\":\"ca\",\"@id\":\"https:\\\/\\\/doctoraminerva.es\\\/ca\\\/doctora-minerva-a-lavantguarda-en-esterilitzacio\\\/#primaryimage\",\"url\":\"https:\\\/\\\/doctoraminerva.es\\\/wp-content\\\/uploads\\\/esterilizacion-doctoraminerva_x.webp\",\"contentUrl\":\"https:\\\/\\\/doctoraminerva.es\\\/wp-content\\\/uploads\\\/esterilizacion-doctoraminerva_x.webp\",\"width\":800,\"height\":597,\"caption\":\"esterilizaci\u00f3n\"},{\"@type\":\"BreadcrumbList\",\"@id\":\"https:\\\/\\\/doctoraminerva.es\\\/ca\\\/doctora-minerva-a-lavantguarda-en-esterilitzacio\\\/#breadcrumb\",\"itemListElement\":[{\"@type\":\"ListItem\",\"position\":1,\"name\":\"Inici\",\"item\":\"https:\\\/\\\/doctoraminerva.es\\\/ca\\\/\"},{\"@type\":\"ListItem\",\"position\":2,\"name\":\"Doctora Minerva: A l&#8217;avantguarda en esterilitzaci\u00f3\"}]},{\"@type\":\"WebSite\",\"@id\":\"https:\\\/\\\/doctoraminerva.es\\\/ca\\\/#website\",\"url\":\"https:\\\/\\\/doctoraminerva.es\\\/ca\\\/\",\"name\":\"Cl\u00ednica dental en Montcada i Reixac de la Doctora Minerva.\",\"description\":\"\",\"potentialAction\":[{\"@type\":\"SearchAction\",\"target\":{\"@type\":\"EntryPoint\",\"urlTemplate\":\"https:\\\/\\\/doctoraminerva.es\\\/ca\\\/?s={search_term_string}\"},\"query-input\":{\"@type\":\"PropertyValueSpecification\",\"valueRequired\":true,\"valueName\":\"search_term_string\"}}],\"inLanguage\":\"ca\"},{\"@type\":\"Person\",\"@id\":\"https:\\\/\\\/doctoraminerva.es\\\/ca\\\/#\\\/schema\\\/person\\\/d07a75491c0215611ce5f01c8ce7621f\",\"name\":\"Minerva\",\"sameAs\":[\"https:\\\/\\\/doctoraminerva.es\"],\"url\":\"https:\\\/\\\/doctoraminerva.es\\\/ca\\\/author\\\/Minerva\\\/\"}]}<\/script>\n<!-- \/ Yoast SEO plugin. -->","yoast_head_json":{"title":"Doctora Minerva: A l'avantguarda en esterilitzaci\u00f3","description":"Amb aquesta nova normativa es pret\u00e9n que els controls externs biol\u00f2gics (test d\u2019espores) i qu\u00edmics (tira reactiva en cada cicle), garanteixin la seguretat del pacient davant la transmissi\u00f3 d\u2019infeccions.","robots":{"index":"index","follow":"follow","max-snippet":"max-snippet:-1","max-image-preview":"max-image-preview:large","max-video-preview":"max-video-preview:-1"},"canonical":"https:\/\/doctoraminerva.es\/ca\/doctora-minerva-a-lavantguarda-en-esterilitzacio\/","og_locale":"ca_ES","og_type":"article","og_title":"Doctora Minerva: A l'avantguarda en esterilitzaci\u00f3","og_description":"Amb aquesta nova normativa es pret\u00e9n que els controls externs biol\u00f2gics (test d\u2019espores) i qu\u00edmics (tira reactiva en cada cicle), garanteixin la seguretat del pacient davant la transmissi\u00f3 d\u2019infeccions.","og_url":"https:\/\/doctoraminerva.es\/ca\/doctora-minerva-a-lavantguarda-en-esterilitzacio\/","og_site_name":"Cl\u00ednica dental en Montcada i Reixac de la Doctora Minerva.","article_published_time":"2013-05-08T11:26:19+00:00","article_modified_time":"2025-08-21T15:19:10+00:00","og_image":[{"width":800,"height":597,"url":"https:\/\/doctoraminerva.es\/wp-content\/uploads\/esterilizacion-doctoraminerva_x.webp","type":"image\/webp"}],"author":"Minerva","twitter_card":"summary_large_image","twitter_misc":{"Escrit per":"Minerva","Temps estimat de lectura":"7 minuts"},"schema":{"@context":"https:\/\/schema.org","@graph":[{"@type":"Article","@id":"https:\/\/doctoraminerva.es\/ca\/doctora-minerva-a-lavantguarda-en-esterilitzacio\/#article","isPartOf":{"@id":"https:\/\/doctoraminerva.es\/ca\/doctora-minerva-a-lavantguarda-en-esterilitzacio\/"},"author":{"name":"Minerva","@id":"https:\/\/doctoraminerva.es\/ca\/#\/schema\/person\/d07a75491c0215611ce5f01c8ce7621f"},"headline":"Doctora Minerva: A l&#8217;avantguarda en esterilitzaci\u00f3","datePublished":"2013-05-08T11:26:19+00:00","dateModified":"2025-08-21T15:19:10+00:00","mainEntityOfPage":{"@id":"https:\/\/doctoraminerva.es\/ca\/doctora-minerva-a-lavantguarda-en-esterilitzacio\/"},"wordCount":1484,"image":{"@id":"https:\/\/doctoraminerva.es\/ca\/doctora-minerva-a-lavantguarda-en-esterilitzacio\/#primaryimage"},"thumbnailUrl":"https:\/\/doctoraminerva.es\/wp-content\/uploads\/esterilizacion-doctoraminerva_x.webp","articleSection":["not\u00edcies"],"inLanguage":"ca"},{"@type":"WebPage","@id":"https:\/\/doctoraminerva.es\/ca\/doctora-minerva-a-lavantguarda-en-esterilitzacio\/","url":"https:\/\/doctoraminerva.es\/ca\/doctora-minerva-a-lavantguarda-en-esterilitzacio\/","name":"Doctora Minerva: A l'avantguarda en esterilitzaci\u00f3","isPartOf":{"@id":"https:\/\/doctoraminerva.es\/ca\/#website"},"primaryImageOfPage":{"@id":"https:\/\/doctoraminerva.es\/ca\/doctora-minerva-a-lavantguarda-en-esterilitzacio\/#primaryimage"},"image":{"@id":"https:\/\/doctoraminerva.es\/ca\/doctora-minerva-a-lavantguarda-en-esterilitzacio\/#primaryimage"},"thumbnailUrl":"https:\/\/doctoraminerva.es\/wp-content\/uploads\/esterilizacion-doctoraminerva_x.webp","datePublished":"2013-05-08T11:26:19+00:00","dateModified":"2025-08-21T15:19:10+00:00","author":{"@id":"https:\/\/doctoraminerva.es\/ca\/#\/schema\/person\/d07a75491c0215611ce5f01c8ce7621f"},"description":"Amb aquesta nova normativa es pret\u00e9n que els controls externs biol\u00f2gics (test d\u2019espores) i qu\u00edmics (tira reactiva en cada cicle), garanteixin la seguretat del pacient davant la transmissi\u00f3 d\u2019infeccions.","breadcrumb":{"@id":"https:\/\/doctoraminerva.es\/ca\/doctora-minerva-a-lavantguarda-en-esterilitzacio\/#breadcrumb"},"inLanguage":"ca","potentialAction":[{"@type":"ReadAction","target":["https:\/\/doctoraminerva.es\/ca\/doctora-minerva-a-lavantguarda-en-esterilitzacio\/"]}]},{"@type":"ImageObject","inLanguage":"ca","@id":"https:\/\/doctoraminerva.es\/ca\/doctora-minerva-a-lavantguarda-en-esterilitzacio\/#primaryimage","url":"https:\/\/doctoraminerva.es\/wp-content\/uploads\/esterilizacion-doctoraminerva_x.webp","contentUrl":"https:\/\/doctoraminerva.es\/wp-content\/uploads\/esterilizacion-doctoraminerva_x.webp","width":800,"height":597,"caption":"esterilizaci\u00f3n"},{"@type":"BreadcrumbList","@id":"https:\/\/doctoraminerva.es\/ca\/doctora-minerva-a-lavantguarda-en-esterilitzacio\/#breadcrumb","itemListElement":[{"@type":"ListItem","position":1,"name":"Inici","item":"https:\/\/doctoraminerva.es\/ca\/"},{"@type":"ListItem","position":2,"name":"Doctora Minerva: A l&#8217;avantguarda en esterilitzaci\u00f3"}]},{"@type":"WebSite","@id":"https:\/\/doctoraminerva.es\/ca\/#website","url":"https:\/\/doctoraminerva.es\/ca\/","name":"Cl\u00ednica dental en Montcada i Reixac de la Doctora Minerva.","description":"","potentialAction":[{"@type":"SearchAction","target":{"@type":"EntryPoint","urlTemplate":"https:\/\/doctoraminerva.es\/ca\/?s={search_term_string}"},"query-input":{"@type":"PropertyValueSpecification","valueRequired":true,"valueName":"search_term_string"}}],"inLanguage":"ca"},{"@type":"Person","@id":"https:\/\/doctoraminerva.es\/ca\/#\/schema\/person\/d07a75491c0215611ce5f01c8ce7621f","name":"Minerva","sameAs":["https:\/\/doctoraminerva.es"],"url":"https:\/\/doctoraminerva.es\/ca\/author\/Minerva\/"}]}},"_links":{"self":[{"href":"https:\/\/doctoraminerva.es\/ca\/wp-json\/wp\/v2\/posts\/1363","targetHints":{"allow":["GET"]}}],"collection":[{"href":"https:\/\/doctoraminerva.es\/ca\/wp-json\/wp\/v2\/posts"}],"about":[{"href":"https:\/\/doctoraminerva.es\/ca\/wp-json\/wp\/v2\/types\/post"}],"author":[{"embeddable":true,"href":"https:\/\/doctoraminerva.es\/ca\/wp-json\/wp\/v2\/users\/1"}],"replies":[{"embeddable":true,"href":"https:\/\/doctoraminerva.es\/ca\/wp-json\/wp\/v2\/comments?post=1363"}],"version-history":[{"count":0,"href":"https:\/\/doctoraminerva.es\/ca\/wp-json\/wp\/v2\/posts\/1363\/revisions"}],"wp:featuredmedia":[{"embeddable":true,"href":"https:\/\/doctoraminerva.es\/ca\/wp-json\/wp\/v2\/media\/1191"}],"wp:attachment":[{"href":"https:\/\/doctoraminerva.es\/ca\/wp-json\/wp\/v2\/media?parent=1363"}],"wp:term":[{"taxonomy":"category","embeddable":true,"href":"https:\/\/doctoraminerva.es\/ca\/wp-json\/wp\/v2\/categories?post=1363"},{"taxonomy":"post_tag","embeddable":true,"href":"https:\/\/doctoraminerva.es\/ca\/wp-json\/wp\/v2\/tags?post=1363"}],"curies":[{"name":"wp","href":"https:\/\/api.w.org\/{rel}","templated":true}]}}