{"id":1354,"date":"2015-04-25T13:20:21","date_gmt":"2015-04-25T11:20:21","guid":{"rendered":"https:\/\/doctoraminerva.es\/iii-edicio-del-premi-somriure-de-lany\/"},"modified":"2025-08-21T17:16:16","modified_gmt":"2025-08-21T15:16:16","slug":"iii-edicio-del-premi-somriure-de-lany","status":"publish","type":"post","link":"https:\/\/doctoraminerva.es\/ca\/iii-edicio-del-premi-somriure-de-lany\/","title":{"rendered":"III Edici\u00f3 del Premi \u201cSomriure de l\u2019any\u201d"},"content":{"rendered":"<div class=\"fusion-fullwidth fullwidth-box fusion-builder-row-1 fusion-flex-container has-pattern-background has-mask-background nonhundred-percent-fullwidth non-hundred-percent-height-scrolling\" style=\"--link_color: var(--awb-color4);--awb-border-radius-top-left:0px;--awb-border-radius-top-right:0px;--awb-border-radius-bottom-right:0px;--awb-border-radius-bottom-left:0px;--awb-flex-wrap:wrap;\" ><div class=\"fusion-builder-row fusion-row fusion-flex-align-items-flex-start fusion-flex-content-wrap\" style=\"max-width:1508px;margin-left: calc(-4% \/ 2 );margin-right: calc(-4% \/ 2 );\"><div class=\"fusion-layout-column fusion_builder_column fusion-builder-column-0 fusion_builder_column_1_1 1_1 fusion-flex-column\" style=\"--awb-bg-size:cover;--awb-width-large:100%;--awb-margin-top-large:0px;--awb-spacing-right-large:1.92%;--awb-margin-bottom-large:20px;--awb-spacing-left-large:1.92%;--awb-width-medium:100%;--awb-order-medium:0;--awb-spacing-right-medium:1.92%;--awb-spacing-left-medium:1.92%;--awb-width-small:100%;--awb-order-small:0;--awb-spacing-right-small:1.92%;--awb-spacing-left-small:1.92%;\"><div class=\"fusion-column-wrapper fusion-column-has-shadow fusion-flex-justify-content-flex-start fusion-content-layout-column\"><div class=\"fusion-image-element \" style=\"text-align:center;--awb-margin-bottom:15px;--awb-caption-title-font-family:var(--h2_typography-font-family);--awb-caption-title-font-weight:var(--h2_typography-font-weight);--awb-caption-title-font-style:var(--h2_typography-font-style);--awb-caption-title-size:var(--h2_typography-font-size);--awb-caption-title-transform:var(--h2_typography-text-transform);--awb-caption-title-line-height:var(--h2_typography-line-height);--awb-caption-title-letter-spacing:var(--h2_typography-letter-spacing);\"><span class=\" fusion-imageframe imageframe-none imageframe-1 hover-type-none\"><img decoding=\"async\" width=\"789\" height=\"526\" alt=\"Entrega V edici\u00f3 del premi somriure de l\u2019any 2016\" title=\"premio-somriure-2014_x\" src=\"https:\/\/doctoraminerva.es\/wp-content\/uploads\/premio-somriure-2014_x.webp\" class=\"img-responsive wp-image-1181\" srcset=\"https:\/\/doctoraminerva.es\/wp-content\/uploads\/premio-somriure-2014_x-200x133.webp 200w, https:\/\/doctoraminerva.es\/wp-content\/uploads\/premio-somriure-2014_x-400x267.webp 400w, https:\/\/doctoraminerva.es\/wp-content\/uploads\/premio-somriure-2014_x-600x400.webp 600w, https:\/\/doctoraminerva.es\/wp-content\/uploads\/premio-somriure-2014_x.webp 789w\" sizes=\"(max-width: 780px) 100vw, 789px\" \/><\/span><\/div><div class=\"fusion-text fusion-text-1\"><p>Aldees Infantils SOS ha estat enguany la guanyadora de la tercera edici\u00f3 del premi solidari \u201cSomriure de l\u2019any\u201d que atorga Cl\u00ednica Dental Doctora Minerva.<\/p>\n<p>El guard\u00f3, ha volgut destacar la missi\u00f3 que desenvolupa Aldees Infantiles SOS en integrar social i familiarment els nens del municipi. En concret, el premi es destinar\u00e0 al projecte \u201cCistell solidari\u201d que intenta ajudar a les fam\u00edlies a mantenir l\u2019optimisme i un somriure esperan\u00e7ador.<\/p>\n<p>Com cada any, el lliurament del trofeu juntament amb la seva dotaci\u00f3 econ\u00f2mica van tenir lloc a la diada de Sant Jordi, en el marc de les activitats que la cl\u00ednica dental organitza amb motiu d\u2019aquesta festivitat.<\/p>\n<\/div><\/div><\/div><\/div><\/div>\n","protected":false},"excerpt":{"rendered":"","protected":false},"author":1,"featured_media":1181,"comment_status":"closed","ping_status":"closed","sticky":false,"template":"","format":"standard","meta":{"footnotes":""},"categories":[30],"tags":[],"class_list":["post-1354","post","type-post","status-publish","format-standard","has-post-thumbnail","hentry","category-noticies"],"yoast_head":"<!-- This site is optimized with the Yoast SEO plugin v27.4 - https:\/\/yoast.com\/product\/yoast-seo-wordpress\/ -->\n<title>III Edici\u00f3 del Premi \u201cSomriure de l\u2019any\u201d<\/title>\n<meta name=\"description\" content=\"III Edici\u00f3 del Premi \u201cSomriure de l\u2019any\u201d\" \/>\n<meta name=\"robots\" content=\"index, follow, max-snippet:-1, max-image-preview:large, max-video-preview:-1\" \/>\n<link rel=\"canonical\" href=\"https:\/\/doctoraminerva.es\/ca\/iii-edicio-del-premi-somriure-de-lany\/\" \/>\n<meta property=\"og:locale\" content=\"ca_ES\" \/>\n<meta property=\"og:type\" content=\"article\" \/>\n<meta property=\"og:title\" content=\"III Edici\u00f3 del Premi \u201cSomriure de l\u2019any\u201d\" \/>\n<meta property=\"og:description\" content=\"III Edici\u00f3 del Premi \u201cSomriure de l\u2019any\u201d\" \/>\n<meta property=\"og:url\" content=\"https:\/\/doctoraminerva.es\/ca\/iii-edicio-del-premi-somriure-de-lany\/\" \/>\n<meta property=\"og:site_name\" content=\"Cl\u00ednica dental en Montcada i Reixac de la Doctora Minerva.\" \/>\n<meta property=\"article:published_time\" content=\"2015-04-25T11:20:21+00:00\" \/>\n<meta property=\"article:modified_time\" content=\"2025-08-21T15:16:16+00:00\" \/>\n<meta property=\"og:image\" content=\"https:\/\/doctoraminerva.es\/wp-content\/uploads\/premio-somriure-2014_x.webp\" \/>\n\t<meta property=\"og:image:width\" content=\"789\" \/>\n\t<meta property=\"og:image:height\" content=\"526\" \/>\n\t<meta property=\"og:image:type\" content=\"image\/webp\" \/>\n<meta name=\"author\" content=\"Minerva\" \/>\n<meta name=\"twitter:card\" content=\"summary_large_image\" \/>\n<meta name=\"twitter:label1\" content=\"Escrit per\" \/>\n\t<meta name=\"twitter:data1\" content=\"Minerva\" \/>\n\t<meta name=\"twitter:label2\" content=\"Temps estimat de lectura\" \/>\n\t<meta name=\"twitter:data2\" content=\"7 minuts\" \/>\n<script type=\"application\/ld+json\" class=\"yoast-schema-graph\">{\"@context\":\"https:\\\/\\\/schema.org\",\"@graph\":[{\"@type\":\"Article\",\"@id\":\"https:\\\/\\\/doctoraminerva.es\\\/ca\\\/iii-edicio-del-premi-somriure-de-lany\\\/#article\",\"isPartOf\":{\"@id\":\"https:\\\/\\\/doctoraminerva.es\\\/ca\\\/iii-edicio-del-premi-somriure-de-lany\\\/\"},\"author\":{\"name\":\"Minerva\",\"@id\":\"https:\\\/\\\/doctoraminerva.es\\\/ca\\\/#\\\/schema\\\/person\\\/d07a75491c0215611ce5f01c8ce7621f\"},\"headline\":\"III Edici\u00f3 del Premi \u201cSomriure de l\u2019any\u201d\",\"datePublished\":\"2015-04-25T11:20:21+00:00\",\"dateModified\":\"2025-08-21T15:16:16+00:00\",\"mainEntityOfPage\":{\"@id\":\"https:\\\/\\\/doctoraminerva.es\\\/ca\\\/iii-edicio-del-premi-somriure-de-lany\\\/\"},\"wordCount\":1481,\"image\":{\"@id\":\"https:\\\/\\\/doctoraminerva.es\\\/ca\\\/iii-edicio-del-premi-somriure-de-lany\\\/#primaryimage\"},\"thumbnailUrl\":\"https:\\\/\\\/doctoraminerva.es\\\/wp-content\\\/uploads\\\/premio-somriure-2014_x.webp\",\"articleSection\":[\"not\u00edcies\"],\"inLanguage\":\"ca\"},{\"@type\":\"WebPage\",\"@id\":\"https:\\\/\\\/doctoraminerva.es\\\/ca\\\/iii-edicio-del-premi-somriure-de-lany\\\/\",\"url\":\"https:\\\/\\\/doctoraminerva.es\\\/ca\\\/iii-edicio-del-premi-somriure-de-lany\\\/\",\"name\":\"III Edici\u00f3 del Premi \u201cSomriure de l\u2019any\u201d\",\"isPartOf\":{\"@id\":\"https:\\\/\\\/doctoraminerva.es\\\/ca\\\/#website\"},\"primaryImageOfPage\":{\"@id\":\"https:\\\/\\\/doctoraminerva.es\\\/ca\\\/iii-edicio-del-premi-somriure-de-lany\\\/#primaryimage\"},\"image\":{\"@id\":\"https:\\\/\\\/doctoraminerva.es\\\/ca\\\/iii-edicio-del-premi-somriure-de-lany\\\/#primaryimage\"},\"thumbnailUrl\":\"https:\\\/\\\/doctoraminerva.es\\\/wp-content\\\/uploads\\\/premio-somriure-2014_x.webp\",\"datePublished\":\"2015-04-25T11:20:21+00:00\",\"dateModified\":\"2025-08-21T15:16:16+00:00\",\"author\":{\"@id\":\"https:\\\/\\\/doctoraminerva.es\\\/ca\\\/#\\\/schema\\\/person\\\/d07a75491c0215611ce5f01c8ce7621f\"},\"description\":\"III Edici\u00f3 del Premi \u201cSomriure de l\u2019any\u201d\",\"breadcrumb\":{\"@id\":\"https:\\\/\\\/doctoraminerva.es\\\/ca\\\/iii-edicio-del-premi-somriure-de-lany\\\/#breadcrumb\"},\"inLanguage\":\"ca\",\"potentialAction\":[{\"@type\":\"ReadAction\",\"target\":[\"https:\\\/\\\/doctoraminerva.es\\\/ca\\\/iii-edicio-del-premi-somriure-de-lany\\\/\"]}]},{\"@type\":\"ImageObject\",\"inLanguage\":\"ca\",\"@id\":\"https:\\\/\\\/doctoraminerva.es\\\/ca\\\/iii-edicio-del-premi-somriure-de-lany\\\/#primaryimage\",\"url\":\"https:\\\/\\\/doctoraminerva.es\\\/wp-content\\\/uploads\\\/premio-somriure-2014_x.webp\",\"contentUrl\":\"https:\\\/\\\/doctoraminerva.es\\\/wp-content\\\/uploads\\\/premio-somriure-2014_x.webp\",\"width\":789,\"height\":526},{\"@type\":\"BreadcrumbList\",\"@id\":\"https:\\\/\\\/doctoraminerva.es\\\/ca\\\/iii-edicio-del-premi-somriure-de-lany\\\/#breadcrumb\",\"itemListElement\":[{\"@type\":\"ListItem\",\"position\":1,\"name\":\"Inici\",\"item\":\"https:\\\/\\\/doctoraminerva.es\\\/ca\\\/\"},{\"@type\":\"ListItem\",\"position\":2,\"name\":\"III Edici\u00f3 del Premi \u201cSomriure de l\u2019any\u201d\"}]},{\"@type\":\"WebSite\",\"@id\":\"https:\\\/\\\/doctoraminerva.es\\\/ca\\\/#website\",\"url\":\"https:\\\/\\\/doctoraminerva.es\\\/ca\\\/\",\"name\":\"Cl\u00ednica dental en Montcada i Reixac de la Doctora Minerva.\",\"description\":\"\",\"potentialAction\":[{\"@type\":\"SearchAction\",\"target\":{\"@type\":\"EntryPoint\",\"urlTemplate\":\"https:\\\/\\\/doctoraminerva.es\\\/ca\\\/?s={search_term_string}\"},\"query-input\":{\"@type\":\"PropertyValueSpecification\",\"valueRequired\":true,\"valueName\":\"search_term_string\"}}],\"inLanguage\":\"ca\"},{\"@type\":\"Person\",\"@id\":\"https:\\\/\\\/doctoraminerva.es\\\/ca\\\/#\\\/schema\\\/person\\\/d07a75491c0215611ce5f01c8ce7621f\",\"name\":\"Minerva\",\"sameAs\":[\"https:\\\/\\\/doctoraminerva.es\"],\"url\":\"https:\\\/\\\/doctoraminerva.es\\\/ca\\\/author\\\/Minerva\\\/\"}]}<\/script>\n<!-- \/ Yoast SEO plugin. -->","yoast_head_json":{"title":"III Edici\u00f3 del Premi \u201cSomriure de l\u2019any\u201d","description":"III Edici\u00f3 del Premi \u201cSomriure de l\u2019any\u201d","robots":{"index":"index","follow":"follow","max-snippet":"max-snippet:-1","max-image-preview":"max-image-preview:large","max-video-preview":"max-video-preview:-1"},"canonical":"https:\/\/doctoraminerva.es\/ca\/iii-edicio-del-premi-somriure-de-lany\/","og_locale":"ca_ES","og_type":"article","og_title":"III Edici\u00f3 del Premi \u201cSomriure de l\u2019any\u201d","og_description":"III Edici\u00f3 del Premi \u201cSomriure de l\u2019any\u201d","og_url":"https:\/\/doctoraminerva.es\/ca\/iii-edicio-del-premi-somriure-de-lany\/","og_site_name":"Cl\u00ednica dental en Montcada i Reixac de la Doctora Minerva.","article_published_time":"2015-04-25T11:20:21+00:00","article_modified_time":"2025-08-21T15:16:16+00:00","og_image":[{"width":789,"height":526,"url":"https:\/\/doctoraminerva.es\/wp-content\/uploads\/premio-somriure-2014_x.webp","type":"image\/webp"}],"author":"Minerva","twitter_card":"summary_large_image","twitter_misc":{"Escrit per":"Minerva","Temps estimat de lectura":"7 minuts"},"schema":{"@context":"https:\/\/schema.org","@graph":[{"@type":"Article","@id":"https:\/\/doctoraminerva.es\/ca\/iii-edicio-del-premi-somriure-de-lany\/#article","isPartOf":{"@id":"https:\/\/doctoraminerva.es\/ca\/iii-edicio-del-premi-somriure-de-lany\/"},"author":{"name":"Minerva","@id":"https:\/\/doctoraminerva.es\/ca\/#\/schema\/person\/d07a75491c0215611ce5f01c8ce7621f"},"headline":"III Edici\u00f3 del Premi \u201cSomriure de l\u2019any\u201d","datePublished":"2015-04-25T11:20:21+00:00","dateModified":"2025-08-21T15:16:16+00:00","mainEntityOfPage":{"@id":"https:\/\/doctoraminerva.es\/ca\/iii-edicio-del-premi-somriure-de-lany\/"},"wordCount":1481,"image":{"@id":"https:\/\/doctoraminerva.es\/ca\/iii-edicio-del-premi-somriure-de-lany\/#primaryimage"},"thumbnailUrl":"https:\/\/doctoraminerva.es\/wp-content\/uploads\/premio-somriure-2014_x.webp","articleSection":["not\u00edcies"],"inLanguage":"ca"},{"@type":"WebPage","@id":"https:\/\/doctoraminerva.es\/ca\/iii-edicio-del-premi-somriure-de-lany\/","url":"https:\/\/doctoraminerva.es\/ca\/iii-edicio-del-premi-somriure-de-lany\/","name":"III Edici\u00f3 del Premi \u201cSomriure de l\u2019any\u201d","isPartOf":{"@id":"https:\/\/doctoraminerva.es\/ca\/#website"},"primaryImageOfPage":{"@id":"https:\/\/doctoraminerva.es\/ca\/iii-edicio-del-premi-somriure-de-lany\/#primaryimage"},"image":{"@id":"https:\/\/doctoraminerva.es\/ca\/iii-edicio-del-premi-somriure-de-lany\/#primaryimage"},"thumbnailUrl":"https:\/\/doctoraminerva.es\/wp-content\/uploads\/premio-somriure-2014_x.webp","datePublished":"2015-04-25T11:20:21+00:00","dateModified":"2025-08-21T15:16:16+00:00","author":{"@id":"https:\/\/doctoraminerva.es\/ca\/#\/schema\/person\/d07a75491c0215611ce5f01c8ce7621f"},"description":"III Edici\u00f3 del Premi \u201cSomriure de l\u2019any\u201d","breadcrumb":{"@id":"https:\/\/doctoraminerva.es\/ca\/iii-edicio-del-premi-somriure-de-lany\/#breadcrumb"},"inLanguage":"ca","potentialAction":[{"@type":"ReadAction","target":["https:\/\/doctoraminerva.es\/ca\/iii-edicio-del-premi-somriure-de-lany\/"]}]},{"@type":"ImageObject","inLanguage":"ca","@id":"https:\/\/doctoraminerva.es\/ca\/iii-edicio-del-premi-somriure-de-lany\/#primaryimage","url":"https:\/\/doctoraminerva.es\/wp-content\/uploads\/premio-somriure-2014_x.webp","contentUrl":"https:\/\/doctoraminerva.es\/wp-content\/uploads\/premio-somriure-2014_x.webp","width":789,"height":526},{"@type":"BreadcrumbList","@id":"https:\/\/doctoraminerva.es\/ca\/iii-edicio-del-premi-somriure-de-lany\/#breadcrumb","itemListElement":[{"@type":"ListItem","position":1,"name":"Inici","item":"https:\/\/doctoraminerva.es\/ca\/"},{"@type":"ListItem","position":2,"name":"III Edici\u00f3 del Premi \u201cSomriure de l\u2019any\u201d"}]},{"@type":"WebSite","@id":"https:\/\/doctoraminerva.es\/ca\/#website","url":"https:\/\/doctoraminerva.es\/ca\/","name":"Cl\u00ednica dental en Montcada i Reixac de la Doctora Minerva.","description":"","potentialAction":[{"@type":"SearchAction","target":{"@type":"EntryPoint","urlTemplate":"https:\/\/doctoraminerva.es\/ca\/?s={search_term_string}"},"query-input":{"@type":"PropertyValueSpecification","valueRequired":true,"valueName":"search_term_string"}}],"inLanguage":"ca"},{"@type":"Person","@id":"https:\/\/doctoraminerva.es\/ca\/#\/schema\/person\/d07a75491c0215611ce5f01c8ce7621f","name":"Minerva","sameAs":["https:\/\/doctoraminerva.es"],"url":"https:\/\/doctoraminerva.es\/ca\/author\/Minerva\/"}]}},"_links":{"self":[{"href":"https:\/\/doctoraminerva.es\/ca\/wp-json\/wp\/v2\/posts\/1354","targetHints":{"allow":["GET"]}}],"collection":[{"href":"https:\/\/doctoraminerva.es\/ca\/wp-json\/wp\/v2\/posts"}],"about":[{"href":"https:\/\/doctoraminerva.es\/ca\/wp-json\/wp\/v2\/types\/post"}],"author":[{"embeddable":true,"href":"https:\/\/doctoraminerva.es\/ca\/wp-json\/wp\/v2\/users\/1"}],"replies":[{"embeddable":true,"href":"https:\/\/doctoraminerva.es\/ca\/wp-json\/wp\/v2\/comments?post=1354"}],"version-history":[{"count":0,"href":"https:\/\/doctoraminerva.es\/ca\/wp-json\/wp\/v2\/posts\/1354\/revisions"}],"wp:featuredmedia":[{"embeddable":true,"href":"https:\/\/doctoraminerva.es\/ca\/wp-json\/wp\/v2\/media\/1181"}],"wp:attachment":[{"href":"https:\/\/doctoraminerva.es\/ca\/wp-json\/wp\/v2\/media?parent=1354"}],"wp:term":[{"taxonomy":"category","embeddable":true,"href":"https:\/\/doctoraminerva.es\/ca\/wp-json\/wp\/v2\/categories?post=1354"},{"taxonomy":"post_tag","embeddable":true,"href":"https:\/\/doctoraminerva.es\/ca\/wp-json\/wp\/v2\/tags?post=1354"}],"curies":[{"name":"wp","href":"https:\/\/api.w.org\/{rel}","templated":true}]}}