{"id":1348,"date":"2016-06-01T13:05:20","date_gmt":"2016-06-01T11:05:20","guid":{"rendered":"https:\/\/doctoraminerva.es\/ortodoncia-en-adults-perque-es-cada-cop-mes-frequent\/"},"modified":"2025-09-09T17:51:18","modified_gmt":"2025-09-09T15:51:18","slug":"ortodoncia-en-adults-perque-es-cada-cop-mes-frequent","status":"publish","type":"post","link":"https:\/\/doctoraminerva.es\/ca\/ortodoncia-en-adults-perque-es-cada-cop-mes-frequent\/","title":{"rendered":"Ortod\u00f2ncia en adults, perqu\u00e8 \u00e9s cada cop m\u00e9s freq\u00fcent?"},"content":{"rendered":"<div class=\"fusion-fullwidth fullwidth-box fusion-builder-row-1 fusion-flex-container has-pattern-background has-mask-background nonhundred-percent-fullwidth non-hundred-percent-height-scrolling\" style=\"--link_color: var(--awb-color4);--awb-border-radius-top-left:0px;--awb-border-radius-top-right:0px;--awb-border-radius-bottom-right:0px;--awb-border-radius-bottom-left:0px;--awb-flex-wrap:wrap;\" ><div class=\"fusion-builder-row fusion-row fusion-flex-align-items-flex-start fusion-flex-content-wrap\" style=\"max-width:1508px;margin-left: calc(-4% \/ 2 );margin-right: calc(-4% \/ 2 );\"><div class=\"fusion-layout-column fusion_builder_column fusion-builder-column-0 fusion_builder_column_1_1 1_1 fusion-flex-column\" style=\"--awb-bg-size:cover;--awb-width-large:100%;--awb-margin-top-large:0px;--awb-spacing-right-large:1.92%;--awb-margin-bottom-large:20px;--awb-spacing-left-large:1.92%;--awb-width-medium:100%;--awb-order-medium:0;--awb-spacing-right-medium:1.92%;--awb-spacing-left-medium:1.92%;--awb-width-small:100%;--awb-order-small:0;--awb-spacing-right-small:1.92%;--awb-spacing-left-small:1.92%;\"><div class=\"fusion-column-wrapper fusion-column-has-shadow fusion-flex-justify-content-flex-start fusion-content-layout-column\"><div class=\"fusion-text fusion-text-1\" style=\"--awb-font-size:var(--awb-typography4-font-size);--awb-line-height:var(--awb-typography4-line-height);--awb-letter-spacing:var(--awb-typography4-letter-spacing);--awb-text-transform:var(--awb-typography4-text-transform);--awb-text-color:var(--awb-color6);--awb-text-font-family:var(--awb-typography4-font-family);--awb-text-font-weight:var(--awb-typography4-font-weight);--awb-text-font-style:var(--awb-typography4-font-style);\"><p>La <strong><a href=\"https:\/\/doctoraminerva.es\/ca\/tractaments\/ortodoncia\/\">ortodoncia<\/a> \u00e9s la branca de l\u2019odontologia que tracta el creixement de les dents, el maxilar, la mand\u00edbula i la cara.<\/strong> En l\u2019actualitat, l\u2019ortod\u00f2ncia \u00e9s un tractament amb elevada demanda. No nom\u00e9s entre els nens, sin\u00f3 que cada vegada m\u00e9s adults aposten per aquest tractament. Per quin motiu?<\/p>\n<p>Els dos motius principals pels quals els odont\u00f2legs recomanem l\u2019ortod\u00f2ncia s\u00f3n una major demanda est\u00e8tica i una millor funci\u00f3 de les dents.<\/p>\n<p>Funcionalment, l\u2019ortod\u00f2ncia aconsegueix que puguis mossegar correctament. Gr\u00e0cies a aix\u00f2, la comoditat a l\u2019hora de menjar augmenta, i la cura de les teves genives i dents, per estar ben alineats, \u00e9s m\u00e9s senzilla.<\/p>\n<p>En el pl\u00e0nol est\u00e8tic, l\u2019ortod\u00f2ncia millora l\u2019harmonia de dentadura i maxil\u00b7lars. I el teu somriure es beneficia est\u00e8ticament!<\/p>\n<p>Un major coneixement sobre els avantatges de l\u2019ortod\u00f2ncia, les seves possibilitats i la rellev\u00e0ncia que una imatge personal adequada ha adquirit en les \u00faltimes d\u00e8cades, s\u00f3n les causes per les quals l\u2019ortod\u00f2ncia \u00e9s cada vegada m\u00e9s freq\u00fcent, incl\u00f2s entre els adults que no van corregir la seva dentadura durant la seva inf\u00e0ncia.<\/p>\n<\/div><\/div><\/div><div class=\"fusion-layout-column fusion_builder_column fusion-builder-column-1 fusion_builder_column_2_5 2_5 fusion-flex-column\" style=\"--awb-bg-size:cover;--awb-width-large:40%;--awb-margin-top-large:0px;--awb-spacing-right-large:4.8%;--awb-margin-bottom-large:20px;--awb-spacing-left-large:4.8%;--awb-width-medium:40%;--awb-order-medium:0;--awb-spacing-right-medium:4.8%;--awb-spacing-left-medium:4.8%;--awb-width-small:100%;--awb-order-small:0;--awb-spacing-right-small:1.92%;--awb-spacing-left-small:1.92%;\"><div class=\"fusion-column-wrapper fusion-column-has-shadow fusion-flex-justify-content-flex-start fusion-content-layout-column\"><div class=\"fusion-title title fusion-title-1 fusion-sep-none fusion-title-text fusion-title-size-two\" style=\"--awb-margin-top-small:10px;--awb-margin-right-small:0px;--awb-margin-bottom-small:10px;--awb-margin-left-small:0px;--awb-font-size:var(--awb-typography5-font-size);\"><h2 class=\"fusion-title-heading title-heading-left fusion-responsive-typography-calculated\" style=\"font-family:var(--awb-typography5-font-family);font-weight:var(--awb-typography5-font-weight);font-style:var(--awb-typography5-font-style);margin:0;letter-spacing:var(--awb-typography5-letter-spacing);text-transform:var(--awb-typography5-text-transform);font-size:1em;--fontSize:21;--minFontSize:21;line-height:var(--awb-typography5-line-height);\">Beneficis del tractament d\u2019ortod\u00f2ncia<\/h2><\/div><ul style=\"--awb-iconcolor:var(--awb-color4);--awb-textcolor:var(--awb-color6);--awb-line-height:27.2px;--awb-icon-width:27.2px;--awb-icon-height:27.2px;--awb-icon-margin:11.2px;--awb-content-margin:38.4px;\" class=\"fusion-checklist fusion-checklist-1 fusion-checklist-default type-icons\"><li class=\"fusion-li-item\" style=\"\"><span class=\"icon-wrapper circle-no\"><i class=\"fusion-li-icon icon-flecha-arriba-a-la-derecha-10\" aria-hidden=\"true\"><\/i><\/span><div class=\"fusion-li-item-content\">Elimina el apinyamient entre dents i\/o tanca espais.<\/div><\/li><li class=\"fusion-li-item\" style=\"\"><span class=\"icon-wrapper circle-no\"><i class=\"fusion-li-icon icon-flecha-arriba-a-la-derecha-10\" aria-hidden=\"true\"><\/i><\/span><div class=\"fusion-li-item-content\">Alinea les arcades superior i inferior.<\/div><\/li><li class=\"fusion-li-item\" style=\"\"><span class=\"icon-wrapper circle-no\"><i class=\"fusion-li-icon icon-flecha-arriba-a-la-derecha-10\" aria-hidden=\"true\"><\/i><\/span><div class=\"fusion-li-item-content\">Corregeix la mossegada, assegurant que hi hagi contacte en les dents anteriors quan es tanca la boca i que les dents posteriors oclueixin correctament.<\/div><\/li><li class=\"fusion-li-item\" style=\"\"><span class=\"icon-wrapper circle-no\"><i class=\"fusion-li-icon icon-flecha-arriba-a-la-derecha-10\" aria-hidden=\"true\"><\/i><\/span><div class=\"fusion-li-item-content\">Real\u00e7a l\u2019est\u00e8tica facial.<\/div><\/li><li class=\"fusion-li-item\" style=\"\"><span class=\"icon-wrapper circle-no\"><i class=\"fusion-li-icon icon-flecha-arriba-a-la-derecha-10\" aria-hidden=\"true\"><\/i><\/span><div class=\"fusion-li-item-content\">Recol\u00b7loca dents impactades, no erupcionades o mogudes.<\/div><\/li><li class=\"fusion-li-item\" style=\"\"><span class=\"icon-wrapper circle-no\"><i class=\"fusion-li-icon icon-flecha-arriba-a-la-derecha-10\" aria-hidden=\"true\"><\/i><\/span><div class=\"fusion-li-item-content\">Prepar\u00e0 per a un \u00f2ptim tractament prot\u00e8sic, com a corones, ponts o implants dentals.<\/div><\/li><li class=\"fusion-li-item\" style=\"\"><span class=\"icon-wrapper circle-no\"><i class=\"fusion-li-icon icon-flecha-arriba-a-la-derecha-10\" aria-hidden=\"true\"><\/i><\/span><div class=\"fusion-li-item-content\">Millora la posici\u00f3 de les dents en pacients que han sofert periodontitis avan\u00e7ada.<\/div><\/li><\/ul><\/div><\/div><div class=\"fusion-layout-column fusion_builder_column fusion-builder-column-2 fusion_builder_column_3_5 3_5 fusion-flex-column\" style=\"--awb-bg-size:cover;--awb-width-large:60%;--awb-margin-top-large:0px;--awb-spacing-right-large:3.2%;--awb-margin-bottom-large:20px;--awb-spacing-left-large:3.2%;--awb-width-medium:60%;--awb-order-medium:0;--awb-spacing-right-medium:3.2%;--awb-spacing-left-medium:3.2%;--awb-width-small:100%;--awb-order-small:0;--awb-spacing-right-small:1.92%;--awb-spacing-left-small:1.92%;\"><div class=\"fusion-column-wrapper fusion-column-has-shadow fusion-flex-justify-content-flex-start fusion-content-layout-column\"><div class=\"fusion-image-element \" style=\"--awb-caption-title-font-family:var(--h2_typography-font-family);--awb-caption-title-font-weight:var(--h2_typography-font-weight);--awb-caption-title-font-style:var(--h2_typography-font-style);--awb-caption-title-size:var(--h2_typography-font-size);--awb-caption-title-transform:var(--h2_typography-text-transform);--awb-caption-title-line-height:var(--h2_typography-line-height);--awb-caption-title-letter-spacing:var(--h2_typography-letter-spacing);\"><span class=\" fusion-imageframe imageframe-none imageframe-1 hover-type-none\"><img decoding=\"async\" width=\"966\" height=\"630\" alt=\"ortod\u00f2ncia en adults\" title=\"ortodoncia-personas-adultas_x\" src=\"https:\/\/doctoraminerva.es\/wp-content\/uploads\/ortodoncia-personas-adultas_x.webp\" class=\"img-responsive wp-image-1159\" srcset=\"https:\/\/doctoraminerva.es\/wp-content\/uploads\/ortodoncia-personas-adultas_x-200x130.webp 200w, https:\/\/doctoraminerva.es\/wp-content\/uploads\/ortodoncia-personas-adultas_x-400x261.webp 400w, https:\/\/doctoraminerva.es\/wp-content\/uploads\/ortodoncia-personas-adultas_x-600x391.webp 600w, https:\/\/doctoraminerva.es\/wp-content\/uploads\/ortodoncia-personas-adultas_x-800x522.webp 800w, https:\/\/doctoraminerva.es\/wp-content\/uploads\/ortodoncia-personas-adultas_x.webp 966w\" sizes=\"(max-width: 780px) 100vw, 966px\" \/><\/span><\/div><\/div><\/div><div class=\"fusion-layout-column fusion_builder_column fusion-builder-column-3 fusion_builder_column_1_1 1_1 fusion-flex-column\" style=\"--awb-bg-size:cover;--awb-width-large:100%;--awb-margin-top-large:0px;--awb-spacing-right-large:1.92%;--awb-margin-bottom-large:20px;--awb-spacing-left-large:1.92%;--awb-width-medium:100%;--awb-order-medium:0;--awb-spacing-right-medium:1.92%;--awb-spacing-left-medium:1.92%;--awb-width-small:100%;--awb-order-small:0;--awb-spacing-right-small:1.92%;--awb-spacing-left-small:1.92%;\"><div class=\"fusion-column-wrapper fusion-column-has-shadow fusion-flex-justify-content-flex-start fusion-content-layout-column\"><div class=\"fusion-title title fusion-title-2 fusion-sep-none fusion-title-text fusion-title-size-two\" style=\"--awb-margin-top-small:10px;--awb-margin-right-small:0px;--awb-margin-bottom-small:10px;--awb-margin-left-small:0px;--awb-font-size:var(--awb-typography5-font-size);\"><h2 class=\"fusion-title-heading title-heading-left fusion-responsive-typography-calculated\" style=\"font-family:var(--awb-typography5-font-family);font-weight:var(--awb-typography5-font-weight);font-style:var(--awb-typography5-font-style);margin:0;letter-spacing:var(--awb-typography5-letter-spacing);text-transform:var(--awb-typography5-text-transform);font-size:1em;--fontSize:21;--minFontSize:21;line-height:var(--awb-typography5-line-height);\">Quan el pacient acudeix al tractament?<\/h2><\/div><div class=\"fusion-text fusion-text-2\" style=\"--awb-font-size:var(--awb-typography4-font-size);--awb-line-height:var(--awb-typography4-line-height);--awb-letter-spacing:var(--awb-typography4-letter-spacing);--awb-text-transform:var(--awb-typography4-text-transform);--awb-text-color:var(--awb-color6);--awb-text-font-family:var(--awb-typography4-font-family);--awb-text-font-weight:var(--awb-typography4-font-weight);--awb-text-font-style:var(--awb-typography4-font-style);\"><p>Sovint, som els professionals els que recomanem el tractament d\u2019ortod\u00f2ncia durant les revisions. Per\u00f2 en algunes ocasions \u00e9s el propi pacient el que percep la necessitat i ens consulta. Aquestes s\u00f3n les raons m\u00e9s freq\u00fcents per les que un pacient busca tractament:<\/p>\n<ul>\n<li>Dents superiors cap endavant: un dels problemes m\u00e9s freq\u00fcents.<\/li>\n<li>Apinyament: un maxil\u00b7lar estret no t\u00e9 espai per a les dents, i el resultat \u00e9s la mala posici\u00f3 d\u2019aquest.<\/li>\n<li>En altres ocasions, alguns pacients tenen espais significatius entre les seves dents.<\/li>\n<li>Asimetria: quan el centre de la l\u00ednia mitja superior i inferior de les dents anteriors no encaixen.<\/li>\n<li>Sobremossegada: quan les dents superiors cobreixen en exc\u00e9s a les dents inferiors.<\/li>\n<li>Mossegada creuada: quan les dents superiors tanquen per dins dels inferiors.<\/li>\n<li>Mossegada oberta: quan les dents superiors no tenen contacte amb les inferiors. Normalment la llengua \u00e9s visible entre els incisius. Normalment la llengua \u00e9s visible entre els incisius.<\/li>\n<li>Dents impactades: en alguns pacients, alguna dent no erupciona o ho fa en una mala posici\u00f3.<\/li>\n<\/ul>\n<\/div><\/div><\/div><\/div><\/div>\n","protected":false},"excerpt":{"rendered":"","protected":false},"author":1,"featured_media":1159,"comment_status":"closed","ping_status":"closed","sticky":false,"template":"","format":"standard","meta":{"footnotes":""},"categories":[30],"tags":[],"class_list":["post-1348","post","type-post","status-publish","format-standard","has-post-thumbnail","hentry","category-noticies"],"yoast_head":"<!-- This site is optimized with the Yoast SEO plugin v27.4 - https:\/\/yoast.com\/product\/yoast-seo-wordpress\/ -->\n<title>Ortod\u00f2ncia en adults, perqu\u00e8 \u00e9s cada cop m\u00e9s freq\u00fcent?<\/title>\n<meta name=\"description\" content=\"Els dos motius principals pels quals els odont\u00f2legs recomanem l\u2019ortod\u00f2ncia s\u00f3n una major demanda est\u00e8tica i una millor funci\u00f3 de les dents.\" \/>\n<meta name=\"robots\" content=\"index, follow, max-snippet:-1, max-image-preview:large, max-video-preview:-1\" \/>\n<link rel=\"canonical\" href=\"https:\/\/doctoraminerva.es\/ca\/ortodoncia-en-adults-perque-es-cada-cop-mes-frequent\/\" \/>\n<meta property=\"og:locale\" content=\"ca_ES\" \/>\n<meta property=\"og:type\" content=\"article\" \/>\n<meta property=\"og:title\" content=\"Ortod\u00f2ncia en adults, perqu\u00e8 \u00e9s cada cop m\u00e9s freq\u00fcent?\" \/>\n<meta property=\"og:description\" content=\"Els dos motius principals pels quals els odont\u00f2legs recomanem l\u2019ortod\u00f2ncia s\u00f3n una major demanda est\u00e8tica i una millor funci\u00f3 de les dents.\" \/>\n<meta property=\"og:url\" content=\"https:\/\/doctoraminerva.es\/ca\/ortodoncia-en-adults-perque-es-cada-cop-mes-frequent\/\" \/>\n<meta property=\"og:site_name\" content=\"Cl\u00ednica dental en Montcada i Reixac de la Doctora Minerva.\" \/>\n<meta property=\"article:published_time\" content=\"2016-06-01T11:05:20+00:00\" \/>\n<meta property=\"article:modified_time\" content=\"2025-09-09T15:51:18+00:00\" \/>\n<meta property=\"og:image\" content=\"https:\/\/doctoraminerva.es\/wp-content\/uploads\/ortodoncia-personas-adultas_x.webp\" \/>\n\t<meta property=\"og:image:width\" content=\"966\" \/>\n\t<meta property=\"og:image:height\" content=\"630\" \/>\n\t<meta property=\"og:image:type\" content=\"image\/webp\" \/>\n<meta name=\"author\" content=\"Minerva\" \/>\n<meta name=\"twitter:card\" content=\"summary_large_image\" \/>\n<meta name=\"twitter:label1\" content=\"Escrit per\" \/>\n\t<meta name=\"twitter:data1\" content=\"Minerva\" \/>\n\t<meta name=\"twitter:label2\" content=\"Temps estimat de lectura\" \/>\n\t<meta name=\"twitter:data2\" content=\"20 minuts\" \/>\n<script type=\"application\/ld+json\" class=\"yoast-schema-graph\">{\"@context\":\"https:\\\/\\\/schema.org\",\"@graph\":[{\"@type\":\"Article\",\"@id\":\"https:\\\/\\\/doctoraminerva.es\\\/ca\\\/ortodoncia-en-adults-perque-es-cada-cop-mes-frequent\\\/#article\",\"isPartOf\":{\"@id\":\"https:\\\/\\\/doctoraminerva.es\\\/ca\\\/ortodoncia-en-adults-perque-es-cada-cop-mes-frequent\\\/\"},\"author\":{\"name\":\"Minerva\",\"@id\":\"https:\\\/\\\/doctoraminerva.es\\\/ca\\\/#\\\/schema\\\/person\\\/d07a75491c0215611ce5f01c8ce7621f\"},\"headline\":\"Ortod\u00f2ncia en adults, perqu\u00e8 \u00e9s cada cop m\u00e9s freq\u00fcent?\",\"datePublished\":\"2016-06-01T11:05:20+00:00\",\"dateModified\":\"2025-09-09T15:51:18+00:00\",\"mainEntityOfPage\":{\"@id\":\"https:\\\/\\\/doctoraminerva.es\\\/ca\\\/ortodoncia-en-adults-perque-es-cada-cop-mes-frequent\\\/\"},\"wordCount\":3961,\"image\":{\"@id\":\"https:\\\/\\\/doctoraminerva.es\\\/ca\\\/ortodoncia-en-adults-perque-es-cada-cop-mes-frequent\\\/#primaryimage\"},\"thumbnailUrl\":\"https:\\\/\\\/doctoraminerva.es\\\/wp-content\\\/uploads\\\/ortodoncia-personas-adultas_x.webp\",\"articleSection\":[\"not\u00edcies\"],\"inLanguage\":\"ca\"},{\"@type\":\"WebPage\",\"@id\":\"https:\\\/\\\/doctoraminerva.es\\\/ca\\\/ortodoncia-en-adults-perque-es-cada-cop-mes-frequent\\\/\",\"url\":\"https:\\\/\\\/doctoraminerva.es\\\/ca\\\/ortodoncia-en-adults-perque-es-cada-cop-mes-frequent\\\/\",\"name\":\"Ortod\u00f2ncia en adults, perqu\u00e8 \u00e9s cada cop m\u00e9s freq\u00fcent?\",\"isPartOf\":{\"@id\":\"https:\\\/\\\/doctoraminerva.es\\\/ca\\\/#website\"},\"primaryImageOfPage\":{\"@id\":\"https:\\\/\\\/doctoraminerva.es\\\/ca\\\/ortodoncia-en-adults-perque-es-cada-cop-mes-frequent\\\/#primaryimage\"},\"image\":{\"@id\":\"https:\\\/\\\/doctoraminerva.es\\\/ca\\\/ortodoncia-en-adults-perque-es-cada-cop-mes-frequent\\\/#primaryimage\"},\"thumbnailUrl\":\"https:\\\/\\\/doctoraminerva.es\\\/wp-content\\\/uploads\\\/ortodoncia-personas-adultas_x.webp\",\"datePublished\":\"2016-06-01T11:05:20+00:00\",\"dateModified\":\"2025-09-09T15:51:18+00:00\",\"author\":{\"@id\":\"https:\\\/\\\/doctoraminerva.es\\\/ca\\\/#\\\/schema\\\/person\\\/d07a75491c0215611ce5f01c8ce7621f\"},\"description\":\"Els dos motius principals pels quals els odont\u00f2legs recomanem l\u2019ortod\u00f2ncia s\u00f3n una major demanda est\u00e8tica i una millor funci\u00f3 de les dents.\",\"breadcrumb\":{\"@id\":\"https:\\\/\\\/doctoraminerva.es\\\/ca\\\/ortodoncia-en-adults-perque-es-cada-cop-mes-frequent\\\/#breadcrumb\"},\"inLanguage\":\"ca\",\"potentialAction\":[{\"@type\":\"ReadAction\",\"target\":[\"https:\\\/\\\/doctoraminerva.es\\\/ca\\\/ortodoncia-en-adults-perque-es-cada-cop-mes-frequent\\\/\"]}]},{\"@type\":\"ImageObject\",\"inLanguage\":\"ca\",\"@id\":\"https:\\\/\\\/doctoraminerva.es\\\/ca\\\/ortodoncia-en-adults-perque-es-cada-cop-mes-frequent\\\/#primaryimage\",\"url\":\"https:\\\/\\\/doctoraminerva.es\\\/wp-content\\\/uploads\\\/ortodoncia-personas-adultas_x.webp\",\"contentUrl\":\"https:\\\/\\\/doctoraminerva.es\\\/wp-content\\\/uploads\\\/ortodoncia-personas-adultas_x.webp\",\"width\":966,\"height\":630,\"caption\":\"Ortodoncia en adultos\"},{\"@type\":\"BreadcrumbList\",\"@id\":\"https:\\\/\\\/doctoraminerva.es\\\/ca\\\/ortodoncia-en-adults-perque-es-cada-cop-mes-frequent\\\/#breadcrumb\",\"itemListElement\":[{\"@type\":\"ListItem\",\"position\":1,\"name\":\"Inici\",\"item\":\"https:\\\/\\\/doctoraminerva.es\\\/ca\\\/\"},{\"@type\":\"ListItem\",\"position\":2,\"name\":\"Ortod\u00f2ncia en adults, perqu\u00e8 \u00e9s cada cop m\u00e9s freq\u00fcent?\"}]},{\"@type\":\"WebSite\",\"@id\":\"https:\\\/\\\/doctoraminerva.es\\\/ca\\\/#website\",\"url\":\"https:\\\/\\\/doctoraminerva.es\\\/ca\\\/\",\"name\":\"Cl\u00ednica dental en Montcada i Reixac de la Doctora Minerva.\",\"description\":\"\",\"potentialAction\":[{\"@type\":\"SearchAction\",\"target\":{\"@type\":\"EntryPoint\",\"urlTemplate\":\"https:\\\/\\\/doctoraminerva.es\\\/ca\\\/?s={search_term_string}\"},\"query-input\":{\"@type\":\"PropertyValueSpecification\",\"valueRequired\":true,\"valueName\":\"search_term_string\"}}],\"inLanguage\":\"ca\"},{\"@type\":\"Person\",\"@id\":\"https:\\\/\\\/doctoraminerva.es\\\/ca\\\/#\\\/schema\\\/person\\\/d07a75491c0215611ce5f01c8ce7621f\",\"name\":\"Minerva\",\"sameAs\":[\"https:\\\/\\\/doctoraminerva.es\"],\"url\":\"https:\\\/\\\/doctoraminerva.es\\\/ca\\\/author\\\/Minerva\\\/\"}]}<\/script>\n<!-- \/ Yoast SEO plugin. -->","yoast_head_json":{"title":"Ortod\u00f2ncia en adults, perqu\u00e8 \u00e9s cada cop m\u00e9s freq\u00fcent?","description":"Els dos motius principals pels quals els odont\u00f2legs recomanem l\u2019ortod\u00f2ncia s\u00f3n una major demanda est\u00e8tica i una millor funci\u00f3 de les dents.","robots":{"index":"index","follow":"follow","max-snippet":"max-snippet:-1","max-image-preview":"max-image-preview:large","max-video-preview":"max-video-preview:-1"},"canonical":"https:\/\/doctoraminerva.es\/ca\/ortodoncia-en-adults-perque-es-cada-cop-mes-frequent\/","og_locale":"ca_ES","og_type":"article","og_title":"Ortod\u00f2ncia en adults, perqu\u00e8 \u00e9s cada cop m\u00e9s freq\u00fcent?","og_description":"Els dos motius principals pels quals els odont\u00f2legs recomanem l\u2019ortod\u00f2ncia s\u00f3n una major demanda est\u00e8tica i una millor funci\u00f3 de les dents.","og_url":"https:\/\/doctoraminerva.es\/ca\/ortodoncia-en-adults-perque-es-cada-cop-mes-frequent\/","og_site_name":"Cl\u00ednica dental en Montcada i Reixac de la Doctora Minerva.","article_published_time":"2016-06-01T11:05:20+00:00","article_modified_time":"2025-09-09T15:51:18+00:00","og_image":[{"width":966,"height":630,"url":"https:\/\/doctoraminerva.es\/wp-content\/uploads\/ortodoncia-personas-adultas_x.webp","type":"image\/webp"}],"author":"Minerva","twitter_card":"summary_large_image","twitter_misc":{"Escrit per":"Minerva","Temps estimat de lectura":"20 minuts"},"schema":{"@context":"https:\/\/schema.org","@graph":[{"@type":"Article","@id":"https:\/\/doctoraminerva.es\/ca\/ortodoncia-en-adults-perque-es-cada-cop-mes-frequent\/#article","isPartOf":{"@id":"https:\/\/doctoraminerva.es\/ca\/ortodoncia-en-adults-perque-es-cada-cop-mes-frequent\/"},"author":{"name":"Minerva","@id":"https:\/\/doctoraminerva.es\/ca\/#\/schema\/person\/d07a75491c0215611ce5f01c8ce7621f"},"headline":"Ortod\u00f2ncia en adults, perqu\u00e8 \u00e9s cada cop m\u00e9s freq\u00fcent?","datePublished":"2016-06-01T11:05:20+00:00","dateModified":"2025-09-09T15:51:18+00:00","mainEntityOfPage":{"@id":"https:\/\/doctoraminerva.es\/ca\/ortodoncia-en-adults-perque-es-cada-cop-mes-frequent\/"},"wordCount":3961,"image":{"@id":"https:\/\/doctoraminerva.es\/ca\/ortodoncia-en-adults-perque-es-cada-cop-mes-frequent\/#primaryimage"},"thumbnailUrl":"https:\/\/doctoraminerva.es\/wp-content\/uploads\/ortodoncia-personas-adultas_x.webp","articleSection":["not\u00edcies"],"inLanguage":"ca"},{"@type":"WebPage","@id":"https:\/\/doctoraminerva.es\/ca\/ortodoncia-en-adults-perque-es-cada-cop-mes-frequent\/","url":"https:\/\/doctoraminerva.es\/ca\/ortodoncia-en-adults-perque-es-cada-cop-mes-frequent\/","name":"Ortod\u00f2ncia en adults, perqu\u00e8 \u00e9s cada cop m\u00e9s freq\u00fcent?","isPartOf":{"@id":"https:\/\/doctoraminerva.es\/ca\/#website"},"primaryImageOfPage":{"@id":"https:\/\/doctoraminerva.es\/ca\/ortodoncia-en-adults-perque-es-cada-cop-mes-frequent\/#primaryimage"},"image":{"@id":"https:\/\/doctoraminerva.es\/ca\/ortodoncia-en-adults-perque-es-cada-cop-mes-frequent\/#primaryimage"},"thumbnailUrl":"https:\/\/doctoraminerva.es\/wp-content\/uploads\/ortodoncia-personas-adultas_x.webp","datePublished":"2016-06-01T11:05:20+00:00","dateModified":"2025-09-09T15:51:18+00:00","author":{"@id":"https:\/\/doctoraminerva.es\/ca\/#\/schema\/person\/d07a75491c0215611ce5f01c8ce7621f"},"description":"Els dos motius principals pels quals els odont\u00f2legs recomanem l\u2019ortod\u00f2ncia s\u00f3n una major demanda est\u00e8tica i una millor funci\u00f3 de les dents.","breadcrumb":{"@id":"https:\/\/doctoraminerva.es\/ca\/ortodoncia-en-adults-perque-es-cada-cop-mes-frequent\/#breadcrumb"},"inLanguage":"ca","potentialAction":[{"@type":"ReadAction","target":["https:\/\/doctoraminerva.es\/ca\/ortodoncia-en-adults-perque-es-cada-cop-mes-frequent\/"]}]},{"@type":"ImageObject","inLanguage":"ca","@id":"https:\/\/doctoraminerva.es\/ca\/ortodoncia-en-adults-perque-es-cada-cop-mes-frequent\/#primaryimage","url":"https:\/\/doctoraminerva.es\/wp-content\/uploads\/ortodoncia-personas-adultas_x.webp","contentUrl":"https:\/\/doctoraminerva.es\/wp-content\/uploads\/ortodoncia-personas-adultas_x.webp","width":966,"height":630,"caption":"Ortodoncia en adultos"},{"@type":"BreadcrumbList","@id":"https:\/\/doctoraminerva.es\/ca\/ortodoncia-en-adults-perque-es-cada-cop-mes-frequent\/#breadcrumb","itemListElement":[{"@type":"ListItem","position":1,"name":"Inici","item":"https:\/\/doctoraminerva.es\/ca\/"},{"@type":"ListItem","position":2,"name":"Ortod\u00f2ncia en adults, perqu\u00e8 \u00e9s cada cop m\u00e9s freq\u00fcent?"}]},{"@type":"WebSite","@id":"https:\/\/doctoraminerva.es\/ca\/#website","url":"https:\/\/doctoraminerva.es\/ca\/","name":"Cl\u00ednica dental en Montcada i Reixac de la Doctora Minerva.","description":"","potentialAction":[{"@type":"SearchAction","target":{"@type":"EntryPoint","urlTemplate":"https:\/\/doctoraminerva.es\/ca\/?s={search_term_string}"},"query-input":{"@type":"PropertyValueSpecification","valueRequired":true,"valueName":"search_term_string"}}],"inLanguage":"ca"},{"@type":"Person","@id":"https:\/\/doctoraminerva.es\/ca\/#\/schema\/person\/d07a75491c0215611ce5f01c8ce7621f","name":"Minerva","sameAs":["https:\/\/doctoraminerva.es"],"url":"https:\/\/doctoraminerva.es\/ca\/author\/Minerva\/"}]}},"_links":{"self":[{"href":"https:\/\/doctoraminerva.es\/ca\/wp-json\/wp\/v2\/posts\/1348","targetHints":{"allow":["GET"]}}],"collection":[{"href":"https:\/\/doctoraminerva.es\/ca\/wp-json\/wp\/v2\/posts"}],"about":[{"href":"https:\/\/doctoraminerva.es\/ca\/wp-json\/wp\/v2\/types\/post"}],"author":[{"embeddable":true,"href":"https:\/\/doctoraminerva.es\/ca\/wp-json\/wp\/v2\/users\/1"}],"replies":[{"embeddable":true,"href":"https:\/\/doctoraminerva.es\/ca\/wp-json\/wp\/v2\/comments?post=1348"}],"version-history":[{"count":0,"href":"https:\/\/doctoraminerva.es\/ca\/wp-json\/wp\/v2\/posts\/1348\/revisions"}],"wp:featuredmedia":[{"embeddable":true,"href":"https:\/\/doctoraminerva.es\/ca\/wp-json\/wp\/v2\/media\/1159"}],"wp:attachment":[{"href":"https:\/\/doctoraminerva.es\/ca\/wp-json\/wp\/v2\/media?parent=1348"}],"wp:term":[{"taxonomy":"category","embeddable":true,"href":"https:\/\/doctoraminerva.es\/ca\/wp-json\/wp\/v2\/categories?post=1348"},{"taxonomy":"post_tag","embeddable":true,"href":"https:\/\/doctoraminerva.es\/ca\/wp-json\/wp\/v2\/tags?post=1348"}],"curies":[{"name":"wp","href":"https:\/\/api.w.org\/{rel}","templated":true}]}}