{"id":1345,"date":"2016-06-13T12:55:52","date_gmt":"2016-06-13T10:55:52","guid":{"rendered":"https:\/\/doctoraminerva.es\/8-de-cada-10-adults-pateixen-afeccions-bucodentals\/"},"modified":"2025-10-02T12:10:52","modified_gmt":"2025-10-02T10:10:52","slug":"8-de-cada-10-adults-pateixen-afeccions-bucodentals","status":"publish","type":"post","link":"https:\/\/doctoraminerva.es\/ca\/8-de-cada-10-adults-pateixen-afeccions-bucodentals\/","title":{"rendered":"8 de cada 10 adults pateixen afeccions bucodentals"},"content":{"rendered":"<div class=\"fusion-fullwidth fullwidth-box fusion-builder-row-1 fusion-flex-container has-pattern-background has-mask-background nonhundred-percent-fullwidth non-hundred-percent-height-scrolling\" style=\"--link_color: var(--awb-color4);--awb-border-radius-top-left:0px;--awb-border-radius-top-right:0px;--awb-border-radius-bottom-right:0px;--awb-border-radius-bottom-left:0px;--awb-flex-wrap:wrap;\" ><div class=\"fusion-builder-row fusion-row fusion-flex-align-items-flex-start fusion-flex-content-wrap\" style=\"max-width:1508px;margin-left: calc(-4% \/ 2 );margin-right: calc(-4% \/ 2 );\"><div class=\"fusion-layout-column fusion_builder_column fusion-builder-column-0 fusion_builder_column_1_1 1_1 fusion-flex-column\" style=\"--awb-bg-size:cover;--awb-width-large:100%;--awb-margin-top-large:0px;--awb-spacing-right-large:1.92%;--awb-margin-bottom-large:20px;--awb-spacing-left-large:1.92%;--awb-width-medium:100%;--awb-order-medium:0;--awb-spacing-right-medium:1.92%;--awb-spacing-left-medium:1.92%;--awb-width-small:100%;--awb-order-small:0;--awb-spacing-right-small:1.92%;--awb-spacing-left-small:1.92%;\"><div class=\"fusion-column-wrapper fusion-column-has-shadow fusion-flex-justify-content-flex-start fusion-content-layout-column\"><div class=\"fusion-text fusion-text-1\" style=\"--awb-font-size:var(--awb-typography4-font-size);--awb-line-height:var(--awb-typography4-line-height);--awb-letter-spacing:var(--awb-typography4-letter-spacing);--awb-text-transform:var(--awb-typography4-text-transform);--awb-text-color:var(--awb-color6);--awb-text-font-family:var(--awb-typography4-font-family);--awb-text-font-weight:var(--awb-typography4-font-weight);--awb-text-font-style:var(--awb-typography4-font-style);\"><p>Les dues malalties dels teixits tous bucals m\u00e9s comuns s\u00f3n la gingivitis i la periodontitis. \u00c9s per aquest motiu que es recomana una adequada prevenci\u00f3 mitjan\u00e7ant una higiene correcta per part del pacient i un seguiment professional.<\/p>\n<p>Amb dues poden tenir relaci\u00f3 amb malalties com la diabetis o afeccions card\u00edaques.<\/p>\n<p>En general, la <strong><a href=\"https:\/\/doctoraminerva.es\/ca\/tractaments\/periodoncia\/\">gingivitis<\/a><\/strong> est\u00e0 causada per la placa bacteriana i pot agreujar-se per determinades circumst\u00e0ncies, com l\u2019embar\u00e0s, erupci\u00f3 de dents, medicaments, pubertat, menopausia, canvis hormonals, etc. Es caracteritza per presentar sagnat i inflamaci\u00f3 de la geniva. Est\u00e0 produ\u00efda per diferents microorganismes, comuns en pacients mal nodrits, tabaquisme, mala higiene oral i pacients amb alteracions ps\u00edquiques. El pacient en moltes ocasions pot notar mal al\u00e8 o mal sabor de boca.<\/p>\n<p>La gingivitis \u00e9s una malaltia de la geniva que \u00e9s reversible, relativament f\u00e0cil de solucionar amb higienes per part del professional amb la freq\u00fc\u00e8ncia que aquest estimi oport\u00fa i amb una molt bona t\u00e8cnica d\u2019higiene bucal per part del pacient.<\/p>\n<p>\u00c9s imprescindible tractar a temps els s\u00edmptomes de la gingivitis perqu\u00e8 no es produeixi p\u00e8rdua \u00f2ssia i retracci\u00f3 de la geniva, donant lloc a la separaci\u00f3 i la possible p\u00e8rdua de les dents (\u00e9s el que denominem <a href=\"https:\/\/doctoraminerva.es\/ca\/tractaments\/periodoncia\/\"><strong>periodontitis<\/strong><\/a>).<\/p>\n<\/div><div class=\"fusion-reading-box-container reading-box-container-1\" style=\"--awb-title-color:var(--awb-color6);--awb-title-font-size:var(--awb-typography4-font-size);--awb-title-line-height:var(--awb-typography4-line-height);--awb-title-letter-spacing:var(--awb-typography4-letter-spacing);--awb-margin-top:0px;--awb-margin-bottom:20px;--awb-title-text-transform:var(--awb-typography4-text-transform);--awb-title-font-family:var(--awb-typography4-font-family);--awb-title-font-weight:var(--awb-typography4-font-weight);--awb-title-font-style:var(--awb-typography4-font-style);\"><div class=\"reading-box\" style=\"background-color:var(--awb-color6);border-width:1px;border-color:rgba(226,226,226,0);border-left-width:3px;border-left-color:var(--primary_color);border-style:solid;\"><div class=\"reading-box-additional\">\n<p>El tabaquisme sol emmascarar el sagnat de les genives, podent subestimar la pres\u00e8ncia de malaltia periodontal.<\/p>\n<\/div><div class=\"fusion-clearfix\"><\/div><\/div><\/div><div class=\"fusion-text fusion-text-2\" style=\"--awb-font-size:var(--awb-typography4-font-size);--awb-line-height:var(--awb-typography4-line-height);--awb-letter-spacing:var(--awb-typography4-letter-spacing);--awb-text-transform:var(--awb-typography4-text-transform);--awb-text-color:var(--awb-color6);--awb-text-font-family:var(--awb-typography4-font-family);--awb-text-font-weight:var(--awb-typography4-font-weight);--awb-text-font-style:var(--awb-typography4-font-style);\"><p>La <a href=\"https:\/\/doctoraminerva.es\/ca\/tractaments\/periodoncia\/\"><strong>periodontitis<\/strong><\/a>, com hem comentat, \u00e9s la retracci\u00f3 tant de la geniva com de l\u2019\u00f3s que suporta la dent. A m\u00e9s de l\u2019atr\u00f2fia de la geniva, podem observar sagnat, halitosis, abscessos, f\u00edstules, mobilitat i separaci\u00f3 de les dents.<\/p>\n<p>La periodontitis \u00e9s una malaltia que comporta la perdua d\u2019\u00f2s de manera irreversible. \u00c9s a dir, la p\u00e8rdua del suport de la dent no es recupera. No obstant aix\u00f2, es pot frenar amb la realitzaci\u00f3 de raspats i allisats radiculars, que consisteixen en l\u2019eliminaci\u00f3 del c\u00e0lcul que s\u2019acumula per sota de la geniva amb t\u00e8cniques manuals.<\/p>\n<p>En eliminar aquest c\u00e0lcul aconseguim que la p\u00e8rdua d\u2019os i de geniva s\u2019estabilitzi (la p\u00e8rdua de geniva pot arribar a recuperar-se mitjan\u00e7ant t\u00e8cniques quir\u00fargiques). La freq\u00fc\u00e8ncia de la realitzaci\u00f3 d\u2019aquesta t\u00e8cnica dependr\u00e0 del criteri de l\u2019odont\u00f2leg, segons la higiene per part del propi pacient i dels seus factors de risc.<\/p>\n<p>Aconsellem evitar el consum de tabac i subst\u00e0ncies t\u00f2xiques. Tamb\u00e9 \u00e9s important no utilitzar col\u00b7lutoris bucals que continguin alcohol, ja que a llarg termini s\u00f3n irritants.<\/p>\n<\/div><\/div><\/div><\/div><\/div>\n","protected":false},"excerpt":{"rendered":"","protected":false},"author":1,"featured_media":1152,"comment_status":"closed","ping_status":"closed","sticky":false,"template":"","format":"standard","meta":{"footnotes":""},"categories":[30],"tags":[],"class_list":["post-1345","post","type-post","status-publish","format-standard","has-post-thumbnail","hentry","category-noticies"],"yoast_head":"<!-- This site is optimized with the Yoast SEO plugin v27.4 - https:\/\/yoast.com\/product\/yoast-seo-wordpress\/ -->\n<title>8 de cada 10 adults pateixen afeccions bucodentals<\/title>\n<meta name=\"description\" content=\"Les dues malalties bucals m\u00e9s comunes s\u00f3n la gingivitis i la periodontitis. Es poden prevenir amb una higiene correcta per part del pacient i un seguiment professional.\" \/>\n<meta name=\"robots\" content=\"index, follow, max-snippet:-1, max-image-preview:large, max-video-preview:-1\" \/>\n<link rel=\"canonical\" href=\"https:\/\/doctoraminerva.es\/ca\/8-de-cada-10-adults-pateixen-afeccions-bucodentals\/\" \/>\n<meta property=\"og:locale\" content=\"ca_ES\" \/>\n<meta property=\"og:type\" content=\"article\" \/>\n<meta property=\"og:title\" content=\"8 de cada 10 adults pateixen afeccions bucodentals\" \/>\n<meta property=\"og:description\" content=\"Les dues malalties bucals m\u00e9s comunes s\u00f3n la gingivitis i la periodontitis. Es poden prevenir amb una higiene correcta per part del pacient i un seguiment professional.\" \/>\n<meta property=\"og:url\" content=\"https:\/\/doctoraminerva.es\/ca\/8-de-cada-10-adults-pateixen-afeccions-bucodentals\/\" \/>\n<meta property=\"og:site_name\" content=\"Cl\u00ednica dental en Montcada i Reixac de la Doctora Minerva.\" \/>\n<meta property=\"article:published_time\" content=\"2016-06-13T10:55:52+00:00\" \/>\n<meta property=\"article:modified_time\" content=\"2025-10-02T10:10:52+00:00\" \/>\n<meta property=\"og:image\" content=\"https:\/\/doctoraminerva.es\/wp-content\/uploads\/encias-cuidado-adultos_x.webp\" \/>\n\t<meta property=\"og:image:width\" content=\"966\" \/>\n\t<meta property=\"og:image:height\" content=\"630\" \/>\n\t<meta property=\"og:image:type\" content=\"image\/webp\" \/>\n<meta name=\"author\" content=\"Minerva\" \/>\n<meta name=\"twitter:card\" content=\"summary_large_image\" \/>\n<meta name=\"twitter:label1\" content=\"Escrit per\" \/>\n\t<meta name=\"twitter:data1\" content=\"Minerva\" \/>\n\t<meta name=\"twitter:label2\" content=\"Temps estimat de lectura\" \/>\n\t<meta name=\"twitter:data2\" content=\"2 minuts\" \/>\n<script type=\"application\/ld+json\" class=\"yoast-schema-graph\">{\"@context\":\"https:\\\/\\\/schema.org\",\"@graph\":[{\"@type\":\"Article\",\"@id\":\"https:\\\/\\\/doctoraminerva.es\\\/ca\\\/8-de-cada-10-adults-pateixen-afeccions-bucodentals\\\/#article\",\"isPartOf\":{\"@id\":\"https:\\\/\\\/doctoraminerva.es\\\/ca\\\/8-de-cada-10-adults-pateixen-afeccions-bucodentals\\\/\"},\"author\":{\"name\":\"Minerva\",\"@id\":\"https:\\\/\\\/doctoraminerva.es\\\/ca\\\/#\\\/schema\\\/person\\\/d07a75491c0215611ce5f01c8ce7621f\"},\"headline\":\"8 de cada 10 adults pateixen afeccions bucodentals\",\"datePublished\":\"2016-06-13T10:55:52+00:00\",\"dateModified\":\"2025-10-02T10:10:52+00:00\",\"mainEntityOfPage\":{\"@id\":\"https:\\\/\\\/doctoraminerva.es\\\/ca\\\/8-de-cada-10-adults-pateixen-afeccions-bucodentals\\\/\"},\"wordCount\":1802,\"image\":{\"@id\":\"https:\\\/\\\/doctoraminerva.es\\\/ca\\\/8-de-cada-10-adults-pateixen-afeccions-bucodentals\\\/#primaryimage\"},\"thumbnailUrl\":\"https:\\\/\\\/doctoraminerva.es\\\/wp-content\\\/uploads\\\/encias-cuidado-adultos_x.webp\",\"articleSection\":[\"not\u00edcies\"],\"inLanguage\":\"ca\"},{\"@type\":\"WebPage\",\"@id\":\"https:\\\/\\\/doctoraminerva.es\\\/ca\\\/8-de-cada-10-adults-pateixen-afeccions-bucodentals\\\/\",\"url\":\"https:\\\/\\\/doctoraminerva.es\\\/ca\\\/8-de-cada-10-adults-pateixen-afeccions-bucodentals\\\/\",\"name\":\"8 de cada 10 adults pateixen afeccions bucodentals\",\"isPartOf\":{\"@id\":\"https:\\\/\\\/doctoraminerva.es\\\/ca\\\/#website\"},\"primaryImageOfPage\":{\"@id\":\"https:\\\/\\\/doctoraminerva.es\\\/ca\\\/8-de-cada-10-adults-pateixen-afeccions-bucodentals\\\/#primaryimage\"},\"image\":{\"@id\":\"https:\\\/\\\/doctoraminerva.es\\\/ca\\\/8-de-cada-10-adults-pateixen-afeccions-bucodentals\\\/#primaryimage\"},\"thumbnailUrl\":\"https:\\\/\\\/doctoraminerva.es\\\/wp-content\\\/uploads\\\/encias-cuidado-adultos_x.webp\",\"datePublished\":\"2016-06-13T10:55:52+00:00\",\"dateModified\":\"2025-10-02T10:10:52+00:00\",\"author\":{\"@id\":\"https:\\\/\\\/doctoraminerva.es\\\/ca\\\/#\\\/schema\\\/person\\\/d07a75491c0215611ce5f01c8ce7621f\"},\"description\":\"Les dues malalties bucals m\u00e9s comunes s\u00f3n la gingivitis i la periodontitis. Es poden prevenir amb una higiene correcta per part del pacient i un seguiment professional.\",\"breadcrumb\":{\"@id\":\"https:\\\/\\\/doctoraminerva.es\\\/ca\\\/8-de-cada-10-adults-pateixen-afeccions-bucodentals\\\/#breadcrumb\"},\"inLanguage\":\"ca\",\"potentialAction\":[{\"@type\":\"ReadAction\",\"target\":[\"https:\\\/\\\/doctoraminerva.es\\\/ca\\\/8-de-cada-10-adults-pateixen-afeccions-bucodentals\\\/\"]}]},{\"@type\":\"ImageObject\",\"inLanguage\":\"ca\",\"@id\":\"https:\\\/\\\/doctoraminerva.es\\\/ca\\\/8-de-cada-10-adults-pateixen-afeccions-bucodentals\\\/#primaryimage\",\"url\":\"https:\\\/\\\/doctoraminerva.es\\\/wp-content\\\/uploads\\\/encias-cuidado-adultos_x.webp\",\"contentUrl\":\"https:\\\/\\\/doctoraminerva.es\\\/wp-content\\\/uploads\\\/encias-cuidado-adultos_x.webp\",\"width\":966,\"height\":630,\"caption\":\"afecciones bucodentales minerva barcelona\"},{\"@type\":\"BreadcrumbList\",\"@id\":\"https:\\\/\\\/doctoraminerva.es\\\/ca\\\/8-de-cada-10-adults-pateixen-afeccions-bucodentals\\\/#breadcrumb\",\"itemListElement\":[{\"@type\":\"ListItem\",\"position\":1,\"name\":\"Inici\",\"item\":\"https:\\\/\\\/doctoraminerva.es\\\/ca\\\/\"},{\"@type\":\"ListItem\",\"position\":2,\"name\":\"8 de cada 10 adults pateixen afeccions bucodentals\"}]},{\"@type\":\"WebSite\",\"@id\":\"https:\\\/\\\/doctoraminerva.es\\\/ca\\\/#website\",\"url\":\"https:\\\/\\\/doctoraminerva.es\\\/ca\\\/\",\"name\":\"Cl\u00ednica dental en Montcada i Reixac de la Doctora Minerva.\",\"description\":\"\",\"potentialAction\":[{\"@type\":\"SearchAction\",\"target\":{\"@type\":\"EntryPoint\",\"urlTemplate\":\"https:\\\/\\\/doctoraminerva.es\\\/ca\\\/?s={search_term_string}\"},\"query-input\":{\"@type\":\"PropertyValueSpecification\",\"valueRequired\":true,\"valueName\":\"search_term_string\"}}],\"inLanguage\":\"ca\"},{\"@type\":\"Person\",\"@id\":\"https:\\\/\\\/doctoraminerva.es\\\/ca\\\/#\\\/schema\\\/person\\\/d07a75491c0215611ce5f01c8ce7621f\",\"name\":\"Minerva\",\"sameAs\":[\"https:\\\/\\\/doctoraminerva.es\"],\"url\":\"https:\\\/\\\/doctoraminerva.es\\\/ca\\\/author\\\/Minerva\\\/\"}]}<\/script>\n<!-- \/ Yoast SEO plugin. -->","yoast_head_json":{"title":"8 de cada 10 adults pateixen afeccions bucodentals","description":"Les dues malalties bucals m\u00e9s comunes s\u00f3n la gingivitis i la periodontitis. Es poden prevenir amb una higiene correcta per part del pacient i un seguiment professional.","robots":{"index":"index","follow":"follow","max-snippet":"max-snippet:-1","max-image-preview":"max-image-preview:large","max-video-preview":"max-video-preview:-1"},"canonical":"https:\/\/doctoraminerva.es\/ca\/8-de-cada-10-adults-pateixen-afeccions-bucodentals\/","og_locale":"ca_ES","og_type":"article","og_title":"8 de cada 10 adults pateixen afeccions bucodentals","og_description":"Les dues malalties bucals m\u00e9s comunes s\u00f3n la gingivitis i la periodontitis. Es poden prevenir amb una higiene correcta per part del pacient i un seguiment professional.","og_url":"https:\/\/doctoraminerva.es\/ca\/8-de-cada-10-adults-pateixen-afeccions-bucodentals\/","og_site_name":"Cl\u00ednica dental en Montcada i Reixac de la Doctora Minerva.","article_published_time":"2016-06-13T10:55:52+00:00","article_modified_time":"2025-10-02T10:10:52+00:00","og_image":[{"width":966,"height":630,"url":"https:\/\/doctoraminerva.es\/wp-content\/uploads\/encias-cuidado-adultos_x.webp","type":"image\/webp"}],"author":"Minerva","twitter_card":"summary_large_image","twitter_misc":{"Escrit per":"Minerva","Temps estimat de lectura":"2 minuts"},"schema":{"@context":"https:\/\/schema.org","@graph":[{"@type":"Article","@id":"https:\/\/doctoraminerva.es\/ca\/8-de-cada-10-adults-pateixen-afeccions-bucodentals\/#article","isPartOf":{"@id":"https:\/\/doctoraminerva.es\/ca\/8-de-cada-10-adults-pateixen-afeccions-bucodentals\/"},"author":{"name":"Minerva","@id":"https:\/\/doctoraminerva.es\/ca\/#\/schema\/person\/d07a75491c0215611ce5f01c8ce7621f"},"headline":"8 de cada 10 adults pateixen afeccions bucodentals","datePublished":"2016-06-13T10:55:52+00:00","dateModified":"2025-10-02T10:10:52+00:00","mainEntityOfPage":{"@id":"https:\/\/doctoraminerva.es\/ca\/8-de-cada-10-adults-pateixen-afeccions-bucodentals\/"},"wordCount":1802,"image":{"@id":"https:\/\/doctoraminerva.es\/ca\/8-de-cada-10-adults-pateixen-afeccions-bucodentals\/#primaryimage"},"thumbnailUrl":"https:\/\/doctoraminerva.es\/wp-content\/uploads\/encias-cuidado-adultos_x.webp","articleSection":["not\u00edcies"],"inLanguage":"ca"},{"@type":"WebPage","@id":"https:\/\/doctoraminerva.es\/ca\/8-de-cada-10-adults-pateixen-afeccions-bucodentals\/","url":"https:\/\/doctoraminerva.es\/ca\/8-de-cada-10-adults-pateixen-afeccions-bucodentals\/","name":"8 de cada 10 adults pateixen afeccions bucodentals","isPartOf":{"@id":"https:\/\/doctoraminerva.es\/ca\/#website"},"primaryImageOfPage":{"@id":"https:\/\/doctoraminerva.es\/ca\/8-de-cada-10-adults-pateixen-afeccions-bucodentals\/#primaryimage"},"image":{"@id":"https:\/\/doctoraminerva.es\/ca\/8-de-cada-10-adults-pateixen-afeccions-bucodentals\/#primaryimage"},"thumbnailUrl":"https:\/\/doctoraminerva.es\/wp-content\/uploads\/encias-cuidado-adultos_x.webp","datePublished":"2016-06-13T10:55:52+00:00","dateModified":"2025-10-02T10:10:52+00:00","author":{"@id":"https:\/\/doctoraminerva.es\/ca\/#\/schema\/person\/d07a75491c0215611ce5f01c8ce7621f"},"description":"Les dues malalties bucals m\u00e9s comunes s\u00f3n la gingivitis i la periodontitis. Es poden prevenir amb una higiene correcta per part del pacient i un seguiment professional.","breadcrumb":{"@id":"https:\/\/doctoraminerva.es\/ca\/8-de-cada-10-adults-pateixen-afeccions-bucodentals\/#breadcrumb"},"inLanguage":"ca","potentialAction":[{"@type":"ReadAction","target":["https:\/\/doctoraminerva.es\/ca\/8-de-cada-10-adults-pateixen-afeccions-bucodentals\/"]}]},{"@type":"ImageObject","inLanguage":"ca","@id":"https:\/\/doctoraminerva.es\/ca\/8-de-cada-10-adults-pateixen-afeccions-bucodentals\/#primaryimage","url":"https:\/\/doctoraminerva.es\/wp-content\/uploads\/encias-cuidado-adultos_x.webp","contentUrl":"https:\/\/doctoraminerva.es\/wp-content\/uploads\/encias-cuidado-adultos_x.webp","width":966,"height":630,"caption":"afecciones bucodentales minerva barcelona"},{"@type":"BreadcrumbList","@id":"https:\/\/doctoraminerva.es\/ca\/8-de-cada-10-adults-pateixen-afeccions-bucodentals\/#breadcrumb","itemListElement":[{"@type":"ListItem","position":1,"name":"Inici","item":"https:\/\/doctoraminerva.es\/ca\/"},{"@type":"ListItem","position":2,"name":"8 de cada 10 adults pateixen afeccions bucodentals"}]},{"@type":"WebSite","@id":"https:\/\/doctoraminerva.es\/ca\/#website","url":"https:\/\/doctoraminerva.es\/ca\/","name":"Cl\u00ednica dental en Montcada i Reixac de la Doctora Minerva.","description":"","potentialAction":[{"@type":"SearchAction","target":{"@type":"EntryPoint","urlTemplate":"https:\/\/doctoraminerva.es\/ca\/?s={search_term_string}"},"query-input":{"@type":"PropertyValueSpecification","valueRequired":true,"valueName":"search_term_string"}}],"inLanguage":"ca"},{"@type":"Person","@id":"https:\/\/doctoraminerva.es\/ca\/#\/schema\/person\/d07a75491c0215611ce5f01c8ce7621f","name":"Minerva","sameAs":["https:\/\/doctoraminerva.es"],"url":"https:\/\/doctoraminerva.es\/ca\/author\/Minerva\/"}]}},"_links":{"self":[{"href":"https:\/\/doctoraminerva.es\/ca\/wp-json\/wp\/v2\/posts\/1345","targetHints":{"allow":["GET"]}}],"collection":[{"href":"https:\/\/doctoraminerva.es\/ca\/wp-json\/wp\/v2\/posts"}],"about":[{"href":"https:\/\/doctoraminerva.es\/ca\/wp-json\/wp\/v2\/types\/post"}],"author":[{"embeddable":true,"href":"https:\/\/doctoraminerva.es\/ca\/wp-json\/wp\/v2\/users\/1"}],"replies":[{"embeddable":true,"href":"https:\/\/doctoraminerva.es\/ca\/wp-json\/wp\/v2\/comments?post=1345"}],"version-history":[{"count":1,"href":"https:\/\/doctoraminerva.es\/ca\/wp-json\/wp\/v2\/posts\/1345\/revisions"}],"predecessor-version":[{"id":4115,"href":"https:\/\/doctoraminerva.es\/ca\/wp-json\/wp\/v2\/posts\/1345\/revisions\/4115"}],"wp:featuredmedia":[{"embeddable":true,"href":"https:\/\/doctoraminerva.es\/ca\/wp-json\/wp\/v2\/media\/1152"}],"wp:attachment":[{"href":"https:\/\/doctoraminerva.es\/ca\/wp-json\/wp\/v2\/media?parent=1345"}],"wp:term":[{"taxonomy":"category","embeddable":true,"href":"https:\/\/doctoraminerva.es\/ca\/wp-json\/wp\/v2\/categories?post=1345"},{"taxonomy":"post_tag","embeddable":true,"href":"https:\/\/doctoraminerva.es\/ca\/wp-json\/wp\/v2\/tags?post=1345"}],"curies":[{"name":"wp","href":"https:\/\/api.w.org\/{rel}","templated":true}]}}