{"id":1342,"date":"2016-06-27T12:40:42","date_gmt":"2016-06-27T10:40:42","guid":{"rendered":"https:\/\/doctoraminerva.es\/saps-com-mantenir-la-salut-dental-dels-teus-fills\/"},"modified":"2025-09-09T17:39:04","modified_gmt":"2025-09-09T15:39:04","slug":"saps-com-mantenir-la-salut-dental-dels-teus-fills","status":"publish","type":"post","link":"https:\/\/doctoraminerva.es\/ca\/saps-com-mantenir-la-salut-dental-dels-teus-fills\/","title":{"rendered":"Saps com mantenir la salut dental dels teus fills?"},"content":{"rendered":"<div class=\"fusion-fullwidth fullwidth-box fusion-builder-row-1 fusion-flex-container has-pattern-background has-mask-background nonhundred-percent-fullwidth non-hundred-percent-height-scrolling\" style=\"--link_color: var(--awb-color4);--awb-border-radius-top-left:0px;--awb-border-radius-top-right:0px;--awb-border-radius-bottom-right:0px;--awb-border-radius-bottom-left:0px;--awb-flex-wrap:wrap;\" ><div class=\"fusion-builder-row fusion-row fusion-flex-align-items-flex-start fusion-flex-content-wrap\" style=\"max-width:1508px;margin-left: calc(-4% \/ 2 );margin-right: calc(-4% \/ 2 );\"><div class=\"fusion-layout-column fusion_builder_column fusion-builder-column-0 fusion_builder_column_1_1 1_1 fusion-flex-column\" style=\"--awb-bg-size:cover;--awb-width-large:100%;--awb-margin-top-large:0px;--awb-spacing-right-large:1.92%;--awb-margin-bottom-large:20px;--awb-spacing-left-large:1.92%;--awb-width-medium:100%;--awb-order-medium:0;--awb-spacing-right-medium:1.92%;--awb-spacing-left-medium:1.92%;--awb-width-small:100%;--awb-order-small:0;--awb-spacing-right-small:1.92%;--awb-spacing-left-small:1.92%;\"><div class=\"fusion-column-wrapper fusion-column-has-shadow fusion-flex-justify-content-flex-start fusion-content-layout-column\"><div class=\"fusion-text fusion-text-1\" style=\"--awb-font-size:var(--awb-typography4-font-size);--awb-line-height:var(--awb-typography4-line-height);--awb-letter-spacing:var(--awb-typography4-letter-spacing);--awb-text-transform:var(--awb-typography4-text-transform);--awb-text-color:var(--awb-color6);--awb-text-font-family:var(--awb-typography4-font-family);--awb-text-font-weight:var(--awb-typography4-font-weight);--awb-text-font-style:var(--awb-typography4-font-style);\"><p>La higiene dental dels nens i la prevenci\u00f3 de maloclusions \u00e9s molt important per evitar problemes futurs de c\u00e0ries i de funcionalitat de les dents. Et donem les claus perqu\u00e8 cuidis de la <strong><a href=\"https:\/\/doctoraminerva.es\/ca\/tractaments\/odontopediatria\/\">seva salut dental:<\/a><\/strong><\/p>\n<\/div><\/div><\/div><div class=\"fusion-layout-column fusion_builder_column fusion-builder-column-1 fusion_builder_column_2_5 2_5 fusion-flex-column\" style=\"--awb-bg-size:cover;--awb-width-large:40%;--awb-margin-top-large:0px;--awb-spacing-right-large:4.8%;--awb-margin-bottom-large:20px;--awb-spacing-left-large:4.8%;--awb-width-medium:40%;--awb-order-medium:0;--awb-spacing-right-medium:4.8%;--awb-spacing-left-medium:4.8%;--awb-width-small:100%;--awb-order-small:0;--awb-spacing-right-small:1.92%;--awb-spacing-left-small:1.92%;\"><div class=\"fusion-column-wrapper fusion-column-has-shadow fusion-flex-justify-content-flex-start fusion-content-layout-column\"><div class=\"fusion-title title fusion-title-1 fusion-sep-none fusion-title-text fusion-title-size-two\" style=\"--awb-margin-top-small:10px;--awb-margin-right-small:0px;--awb-margin-bottom-small:10px;--awb-margin-left-small:0px;--awb-font-size:var(--awb-typography5-font-size);\"><h2 class=\"fusion-title-heading title-heading-left fusion-responsive-typography-calculated\" style=\"font-family:var(--awb-typography5-font-family);font-weight:var(--awb-typography5-font-weight);font-style:var(--awb-typography5-font-style);margin:0;letter-spacing:var(--awb-typography5-letter-spacing);text-transform:var(--awb-typography5-text-transform);font-size:1em;--fontSize:21;--minFontSize:21;line-height:var(--awb-typography5-line-height);\">Higiene di\u00e0ria: una lluita que has de guanyar<\/h2><\/div><div class=\"fusion-text fusion-text-2\" style=\"--awb-font-size:var(--awb-typography4-font-size);--awb-line-height:var(--awb-typography4-line-height);--awb-letter-spacing:var(--awb-typography4-letter-spacing);--awb-text-transform:var(--awb-typography4-text-transform);--awb-text-color:var(--awb-color6);--awb-text-font-family:var(--awb-typography4-font-family);--awb-text-font-weight:var(--awb-typography4-font-weight);--awb-text-font-style:var(--awb-typography4-font-style);\"><p>A partir dels dos anys els nens poden comen\u00e7ar a respallar-se les dents. Encara que tinguin dents de llet, \u00e9s el moment d\u2019adquirir l\u2019h\u00e0bit d\u2019higiene dental.<\/p>\n<p>A molts nens els costa de fer seus aquests h\u00e0bits. Per\u00f2 \u00e9s una lluita en la qual els pares no heu de deixar caure les mans. Sigues creatiu: explica\u2019ls hi la import\u00e0ncia del que estan fent, juga amb ells a ser \u201cnens grans\u201d, utilitza pasta de dents i col\u00b7lutoris bucals amb sabors agradables i felicita\u2019ls pels seus aven\u00e7os.<\/p>\n<p>Amb aquest h\u00e0bit est\u00e0s ajudant al teu fill. Aix\u00ed que no desisteixis si al principi li costa.<\/p>\n<\/div><\/div><\/div><div class=\"fusion-layout-column fusion_builder_column fusion-builder-column-2 fusion_builder_column_3_5 3_5 fusion-flex-column\" style=\"--awb-bg-size:cover;--awb-width-large:60%;--awb-margin-top-large:0px;--awb-spacing-right-large:3.2%;--awb-margin-bottom-large:20px;--awb-spacing-left-large:3.2%;--awb-width-medium:60%;--awb-order-medium:0;--awb-spacing-right-medium:3.2%;--awb-spacing-left-medium:3.2%;--awb-width-small:100%;--awb-order-small:0;--awb-spacing-right-small:1.92%;--awb-spacing-left-small:1.92%;\"><div class=\"fusion-column-wrapper fusion-column-has-shadow fusion-flex-justify-content-flex-start fusion-content-layout-column\"><div class=\"fusion-image-element \" style=\"--awb-caption-title-font-family:var(--h2_typography-font-family);--awb-caption-title-font-weight:var(--h2_typography-font-weight);--awb-caption-title-font-style:var(--h2_typography-font-style);--awb-caption-title-size:var(--h2_typography-font-size);--awb-caption-title-transform:var(--h2_typography-text-transform);--awb-caption-title-line-height:var(--h2_typography-line-height);--awb-caption-title-letter-spacing:var(--h2_typography-letter-spacing);\"><span class=\" fusion-imageframe imageframe-none imageframe-1 hover-type-none\"><img decoding=\"async\" width=\"700\" height=\"500\" alt=\"\u00bfSabes c\u00f3mo cuidar la salud dental de tus hijos?\n\" title=\"3-1_x\" src=\"https:\/\/doctoraminerva.es\/wp-content\/uploads\/3-1_x.webp\" class=\"img-responsive wp-image-1141\" srcset=\"https:\/\/doctoraminerva.es\/wp-content\/uploads\/3-1_x-200x143.webp 200w, https:\/\/doctoraminerva.es\/wp-content\/uploads\/3-1_x-400x286.webp 400w, https:\/\/doctoraminerva.es\/wp-content\/uploads\/3-1_x-600x429.webp 600w, https:\/\/doctoraminerva.es\/wp-content\/uploads\/3-1_x.webp 700w\" sizes=\"(max-width: 780px) 100vw, 700px\" \/><\/span><\/div><\/div><\/div><div class=\"fusion-layout-column fusion_builder_column fusion-builder-column-3 fusion_builder_column_1_1 1_1 fusion-flex-column\" style=\"--awb-bg-size:cover;--awb-width-large:100%;--awb-margin-top-large:0px;--awb-spacing-right-large:1.92%;--awb-margin-bottom-large:20px;--awb-spacing-left-large:1.92%;--awb-width-medium:100%;--awb-order-medium:0;--awb-spacing-right-medium:1.92%;--awb-spacing-left-medium:1.92%;--awb-width-small:100%;--awb-order-small:0;--awb-spacing-right-small:1.92%;--awb-spacing-left-small:1.92%;\"><div class=\"fusion-column-wrapper fusion-column-has-shadow fusion-flex-justify-content-flex-start fusion-content-layout-column\"><div class=\"fusion-text fusion-text-3\" style=\"--awb-font-size:var(--awb-typography4-font-size);--awb-line-height:var(--awb-typography4-line-height);--awb-letter-spacing:var(--awb-typography4-letter-spacing);--awb-text-transform:var(--awb-typography4-text-transform);--awb-text-color:var(--awb-color6);--awb-text-font-family:var(--awb-typography4-font-family);--awb-text-font-weight:var(--awb-typography4-font-weight);--awb-text-font-style:var(--awb-typography4-font-style);\"><p><strong>Revisions anuals: porta al teu fill a l\u2019odontopediatra<\/strong><br \/>\n\u00c9s recomanable que els nens es revisin anualment des dels 6 anys. A aquesta edat els incisius superiors i inferiors ja s\u00f3n definitius o estan erupcionant, el mateix temps que els primers molars permanents i el diagn\u00f2stic preco\u00e7 de possibles alteracions del creixement ossi \u00e9s ja visible<\/p>\n<p>No obstant aix\u00f2, a partir dels 3 anys es poden comen\u00e7ar a fer revisions del nen amb l\u2019 odontopediatra, i aix\u00ed comen\u00e7ar a controlar el creixement de les dents i possibles c\u00e0ries. En el cas de moltes alteracions, \u00e9s millor corregir-les abans que hagi finalitzat el recanvi dentari.<\/p>\n<p><strong>Corregir des de petits: ortod\u00f2ncia<\/strong><br \/>\nL\u2019ortod\u00f2ncia interceptiva soluciona o millora problemes d\u2019oclusi\u00f3, i prepara per a tractaments m\u00e9s senzills d\u2019apinyament quan hagi finalitzat el recanvi dental. Tractar les maloclusions a aquesta edat \u00e9s una manera senzilla de corregir alteracions i evitar en molts casos, tractaments d\u2019ortod\u00f2ncia m\u00e9s complexos i fins i tot una futura cirurgia ortogn\u00e0tica.<\/p>\n<p>tractaments d\u2019ortod\u00f2ncia m\u00e9s complexos i fins i tot una futura cirurgia ortogn\u00e0tica.<\/p>\n<p>L\u2019ortod\u00f2ncia \u00e9s m\u00e9s efica\u00e7 en els infants que en persones d\u2019edats mes avan\u00e7ades. Especialment efica\u00e7 resulta al moment del m\u00e0xim punt de creixement. Aquest \u00e9s un per\u00edode d\u2019aproximadament nou mesos en el qual el<br \/>nen creix r\u00e0pidament. L\u2019ortodoncista pot determinar el seu inici mesurant l\u2019edat \u00f2ssia, mitjan\u00e7ant una radiografia de la zona cervical o de la m\u00e0.<\/p>\n<p>Durant aquesta fase del desenvolupament del nen es substitueixen molars temporals pels premolars definitius que s\u00f3n m\u00e9s petits. Aquesta difer\u00e8ncia de grand\u00e0ria deixa espais en el sector lateral que poden ser aprofitats per a un tractament d\u2019ortod\u00f2ncia m\u00e9s efica\u00e7.<\/p>\n<p>Els tipus d\u2019aparells d\u2019ortod\u00f2ncia que s\u2019indiquin dependran de la maloclusi\u00f3 del nen. Per aix\u00f2, no \u00e9s possible generalitzar segons l\u2019edat, sin\u00f3 estudiant el cas i determinant quin tractament solucionar\u00e0 de millor manera l\u2019oclusi\u00f3 del pacient.<\/p>\n<\/div><\/div><\/div><\/div><\/div>\n","protected":false},"excerpt":{"rendered":"","protected":false},"author":1,"featured_media":1141,"comment_status":"closed","ping_status":"closed","sticky":false,"template":"","format":"standard","meta":{"footnotes":""},"categories":[30],"tags":[],"class_list":["post-1342","post","type-post","status-publish","format-standard","has-post-thumbnail","hentry","category-noticies"],"yoast_head":"<!-- This site is optimized with the Yoast SEO plugin v27.4 - https:\/\/yoast.com\/product\/yoast-seo-wordpress\/ -->\n<title>Saps com mantenir la salut dental dels teus fills?<\/title>\n<meta name=\"description\" content=\"La higiene dental dels nens i la prevenci\u00f3 de maloclusions \u00e9s molt important per evitar problemes futurs de c\u00e0ries i de funcionalitat de les dents.\" \/>\n<meta name=\"robots\" content=\"index, follow, max-snippet:-1, max-image-preview:large, max-video-preview:-1\" \/>\n<link rel=\"canonical\" href=\"https:\/\/doctoraminerva.es\/ca\/saps-com-mantenir-la-salut-dental-dels-teus-fills\/\" \/>\n<meta property=\"og:locale\" content=\"ca_ES\" \/>\n<meta property=\"og:type\" content=\"article\" \/>\n<meta property=\"og:title\" content=\"Saps com mantenir la salut dental dels teus fills?\" \/>\n<meta property=\"og:description\" content=\"La higiene dental dels nens i la prevenci\u00f3 de maloclusions \u00e9s molt important per evitar problemes futurs de c\u00e0ries i de funcionalitat de les dents.\" \/>\n<meta property=\"og:url\" content=\"https:\/\/doctoraminerva.es\/ca\/saps-com-mantenir-la-salut-dental-dels-teus-fills\/\" \/>\n<meta property=\"og:site_name\" content=\"Cl\u00ednica dental en Montcada i Reixac de la Doctora Minerva.\" \/>\n<meta property=\"article:published_time\" content=\"2016-06-27T10:40:42+00:00\" \/>\n<meta property=\"article:modified_time\" content=\"2025-09-09T15:39:04+00:00\" \/>\n<meta property=\"og:image\" content=\"https:\/\/doctoraminerva.es\/wp-content\/uploads\/3-1_x.webp\" \/>\n\t<meta property=\"og:image:width\" content=\"700\" \/>\n\t<meta property=\"og:image:height\" content=\"500\" \/>\n\t<meta property=\"og:image:type\" content=\"image\/webp\" \/>\n<meta name=\"author\" content=\"Minerva\" \/>\n<meta name=\"twitter:card\" content=\"summary_large_image\" \/>\n<meta name=\"twitter:label1\" content=\"Escrit per\" \/>\n\t<meta name=\"twitter:data1\" content=\"Minerva\" \/>\n\t<meta name=\"twitter:label2\" content=\"Temps estimat de lectura\" \/>\n\t<meta name=\"twitter:data2\" content=\"18 minuts\" \/>\n<script type=\"application\/ld+json\" class=\"yoast-schema-graph\">{\"@context\":\"https:\\\/\\\/schema.org\",\"@graph\":[{\"@type\":\"Article\",\"@id\":\"https:\\\/\\\/doctoraminerva.es\\\/ca\\\/saps-com-mantenir-la-salut-dental-dels-teus-fills\\\/#article\",\"isPartOf\":{\"@id\":\"https:\\\/\\\/doctoraminerva.es\\\/ca\\\/saps-com-mantenir-la-salut-dental-dels-teus-fills\\\/\"},\"author\":{\"name\":\"Minerva\",\"@id\":\"https:\\\/\\\/doctoraminerva.es\\\/ca\\\/#\\\/schema\\\/person\\\/d07a75491c0215611ce5f01c8ce7621f\"},\"headline\":\"Saps com mantenir la salut dental dels teus fills?\",\"datePublished\":\"2016-06-27T10:40:42+00:00\",\"dateModified\":\"2025-09-09T15:39:04+00:00\",\"mainEntityOfPage\":{\"@id\":\"https:\\\/\\\/doctoraminerva.es\\\/ca\\\/saps-com-mantenir-la-salut-dental-dels-teus-fills\\\/\"},\"wordCount\":3676,\"image\":{\"@id\":\"https:\\\/\\\/doctoraminerva.es\\\/ca\\\/saps-com-mantenir-la-salut-dental-dels-teus-fills\\\/#primaryimage\"},\"thumbnailUrl\":\"https:\\\/\\\/doctoraminerva.es\\\/wp-content\\\/uploads\\\/3-1_x.webp\",\"articleSection\":[\"not\u00edcies\"],\"inLanguage\":\"ca\"},{\"@type\":\"WebPage\",\"@id\":\"https:\\\/\\\/doctoraminerva.es\\\/ca\\\/saps-com-mantenir-la-salut-dental-dels-teus-fills\\\/\",\"url\":\"https:\\\/\\\/doctoraminerva.es\\\/ca\\\/saps-com-mantenir-la-salut-dental-dels-teus-fills\\\/\",\"name\":\"Saps com mantenir la salut dental dels teus fills?\",\"isPartOf\":{\"@id\":\"https:\\\/\\\/doctoraminerva.es\\\/ca\\\/#website\"},\"primaryImageOfPage\":{\"@id\":\"https:\\\/\\\/doctoraminerva.es\\\/ca\\\/saps-com-mantenir-la-salut-dental-dels-teus-fills\\\/#primaryimage\"},\"image\":{\"@id\":\"https:\\\/\\\/doctoraminerva.es\\\/ca\\\/saps-com-mantenir-la-salut-dental-dels-teus-fills\\\/#primaryimage\"},\"thumbnailUrl\":\"https:\\\/\\\/doctoraminerva.es\\\/wp-content\\\/uploads\\\/3-1_x.webp\",\"datePublished\":\"2016-06-27T10:40:42+00:00\",\"dateModified\":\"2025-09-09T15:39:04+00:00\",\"author\":{\"@id\":\"https:\\\/\\\/doctoraminerva.es\\\/ca\\\/#\\\/schema\\\/person\\\/d07a75491c0215611ce5f01c8ce7621f\"},\"description\":\"La higiene dental dels nens i la prevenci\u00f3 de maloclusions \u00e9s molt important per evitar problemes futurs de c\u00e0ries i de funcionalitat de les dents.\",\"breadcrumb\":{\"@id\":\"https:\\\/\\\/doctoraminerva.es\\\/ca\\\/saps-com-mantenir-la-salut-dental-dels-teus-fills\\\/#breadcrumb\"},\"inLanguage\":\"ca\",\"potentialAction\":[{\"@type\":\"ReadAction\",\"target\":[\"https:\\\/\\\/doctoraminerva.es\\\/ca\\\/saps-com-mantenir-la-salut-dental-dels-teus-fills\\\/\"]}]},{\"@type\":\"ImageObject\",\"inLanguage\":\"ca\",\"@id\":\"https:\\\/\\\/doctoraminerva.es\\\/ca\\\/saps-com-mantenir-la-salut-dental-dels-teus-fills\\\/#primaryimage\",\"url\":\"https:\\\/\\\/doctoraminerva.es\\\/wp-content\\\/uploads\\\/3-1_x.webp\",\"contentUrl\":\"https:\\\/\\\/doctoraminerva.es\\\/wp-content\\\/uploads\\\/3-1_x.webp\",\"width\":700,\"height\":500,\"caption\":\"\u00bfSabes c\u00f3mo cuidar la salud dental de tus hijos?\"},{\"@type\":\"BreadcrumbList\",\"@id\":\"https:\\\/\\\/doctoraminerva.es\\\/ca\\\/saps-com-mantenir-la-salut-dental-dels-teus-fills\\\/#breadcrumb\",\"itemListElement\":[{\"@type\":\"ListItem\",\"position\":1,\"name\":\"Inici\",\"item\":\"https:\\\/\\\/doctoraminerva.es\\\/ca\\\/\"},{\"@type\":\"ListItem\",\"position\":2,\"name\":\"Saps com mantenir la salut dental dels teus fills?\"}]},{\"@type\":\"WebSite\",\"@id\":\"https:\\\/\\\/doctoraminerva.es\\\/ca\\\/#website\",\"url\":\"https:\\\/\\\/doctoraminerva.es\\\/ca\\\/\",\"name\":\"Cl\u00ednica dental en Montcada i Reixac de la Doctora Minerva.\",\"description\":\"\",\"potentialAction\":[{\"@type\":\"SearchAction\",\"target\":{\"@type\":\"EntryPoint\",\"urlTemplate\":\"https:\\\/\\\/doctoraminerva.es\\\/ca\\\/?s={search_term_string}\"},\"query-input\":{\"@type\":\"PropertyValueSpecification\",\"valueRequired\":true,\"valueName\":\"search_term_string\"}}],\"inLanguage\":\"ca\"},{\"@type\":\"Person\",\"@id\":\"https:\\\/\\\/doctoraminerva.es\\\/ca\\\/#\\\/schema\\\/person\\\/d07a75491c0215611ce5f01c8ce7621f\",\"name\":\"Minerva\",\"sameAs\":[\"https:\\\/\\\/doctoraminerva.es\"],\"url\":\"https:\\\/\\\/doctoraminerva.es\\\/ca\\\/author\\\/Minerva\\\/\"}]}<\/script>\n<!-- \/ Yoast SEO plugin. -->","yoast_head_json":{"title":"Saps com mantenir la salut dental dels teus fills?","description":"La higiene dental dels nens i la prevenci\u00f3 de maloclusions \u00e9s molt important per evitar problemes futurs de c\u00e0ries i de funcionalitat de les dents.","robots":{"index":"index","follow":"follow","max-snippet":"max-snippet:-1","max-image-preview":"max-image-preview:large","max-video-preview":"max-video-preview:-1"},"canonical":"https:\/\/doctoraminerva.es\/ca\/saps-com-mantenir-la-salut-dental-dels-teus-fills\/","og_locale":"ca_ES","og_type":"article","og_title":"Saps com mantenir la salut dental dels teus fills?","og_description":"La higiene dental dels nens i la prevenci\u00f3 de maloclusions \u00e9s molt important per evitar problemes futurs de c\u00e0ries i de funcionalitat de les dents.","og_url":"https:\/\/doctoraminerva.es\/ca\/saps-com-mantenir-la-salut-dental-dels-teus-fills\/","og_site_name":"Cl\u00ednica dental en Montcada i Reixac de la Doctora Minerva.","article_published_time":"2016-06-27T10:40:42+00:00","article_modified_time":"2025-09-09T15:39:04+00:00","og_image":[{"width":700,"height":500,"url":"https:\/\/doctoraminerva.es\/wp-content\/uploads\/3-1_x.webp","type":"image\/webp"}],"author":"Minerva","twitter_card":"summary_large_image","twitter_misc":{"Escrit per":"Minerva","Temps estimat de lectura":"18 minuts"},"schema":{"@context":"https:\/\/schema.org","@graph":[{"@type":"Article","@id":"https:\/\/doctoraminerva.es\/ca\/saps-com-mantenir-la-salut-dental-dels-teus-fills\/#article","isPartOf":{"@id":"https:\/\/doctoraminerva.es\/ca\/saps-com-mantenir-la-salut-dental-dels-teus-fills\/"},"author":{"name":"Minerva","@id":"https:\/\/doctoraminerva.es\/ca\/#\/schema\/person\/d07a75491c0215611ce5f01c8ce7621f"},"headline":"Saps com mantenir la salut dental dels teus fills?","datePublished":"2016-06-27T10:40:42+00:00","dateModified":"2025-09-09T15:39:04+00:00","mainEntityOfPage":{"@id":"https:\/\/doctoraminerva.es\/ca\/saps-com-mantenir-la-salut-dental-dels-teus-fills\/"},"wordCount":3676,"image":{"@id":"https:\/\/doctoraminerva.es\/ca\/saps-com-mantenir-la-salut-dental-dels-teus-fills\/#primaryimage"},"thumbnailUrl":"https:\/\/doctoraminerva.es\/wp-content\/uploads\/3-1_x.webp","articleSection":["not\u00edcies"],"inLanguage":"ca"},{"@type":"WebPage","@id":"https:\/\/doctoraminerva.es\/ca\/saps-com-mantenir-la-salut-dental-dels-teus-fills\/","url":"https:\/\/doctoraminerva.es\/ca\/saps-com-mantenir-la-salut-dental-dels-teus-fills\/","name":"Saps com mantenir la salut dental dels teus fills?","isPartOf":{"@id":"https:\/\/doctoraminerva.es\/ca\/#website"},"primaryImageOfPage":{"@id":"https:\/\/doctoraminerva.es\/ca\/saps-com-mantenir-la-salut-dental-dels-teus-fills\/#primaryimage"},"image":{"@id":"https:\/\/doctoraminerva.es\/ca\/saps-com-mantenir-la-salut-dental-dels-teus-fills\/#primaryimage"},"thumbnailUrl":"https:\/\/doctoraminerva.es\/wp-content\/uploads\/3-1_x.webp","datePublished":"2016-06-27T10:40:42+00:00","dateModified":"2025-09-09T15:39:04+00:00","author":{"@id":"https:\/\/doctoraminerva.es\/ca\/#\/schema\/person\/d07a75491c0215611ce5f01c8ce7621f"},"description":"La higiene dental dels nens i la prevenci\u00f3 de maloclusions \u00e9s molt important per evitar problemes futurs de c\u00e0ries i de funcionalitat de les dents.","breadcrumb":{"@id":"https:\/\/doctoraminerva.es\/ca\/saps-com-mantenir-la-salut-dental-dels-teus-fills\/#breadcrumb"},"inLanguage":"ca","potentialAction":[{"@type":"ReadAction","target":["https:\/\/doctoraminerva.es\/ca\/saps-com-mantenir-la-salut-dental-dels-teus-fills\/"]}]},{"@type":"ImageObject","inLanguage":"ca","@id":"https:\/\/doctoraminerva.es\/ca\/saps-com-mantenir-la-salut-dental-dels-teus-fills\/#primaryimage","url":"https:\/\/doctoraminerva.es\/wp-content\/uploads\/3-1_x.webp","contentUrl":"https:\/\/doctoraminerva.es\/wp-content\/uploads\/3-1_x.webp","width":700,"height":500,"caption":"\u00bfSabes c\u00f3mo cuidar la salud dental de tus hijos?"},{"@type":"BreadcrumbList","@id":"https:\/\/doctoraminerva.es\/ca\/saps-com-mantenir-la-salut-dental-dels-teus-fills\/#breadcrumb","itemListElement":[{"@type":"ListItem","position":1,"name":"Inici","item":"https:\/\/doctoraminerva.es\/ca\/"},{"@type":"ListItem","position":2,"name":"Saps com mantenir la salut dental dels teus fills?"}]},{"@type":"WebSite","@id":"https:\/\/doctoraminerva.es\/ca\/#website","url":"https:\/\/doctoraminerva.es\/ca\/","name":"Cl\u00ednica dental en Montcada i Reixac de la Doctora Minerva.","description":"","potentialAction":[{"@type":"SearchAction","target":{"@type":"EntryPoint","urlTemplate":"https:\/\/doctoraminerva.es\/ca\/?s={search_term_string}"},"query-input":{"@type":"PropertyValueSpecification","valueRequired":true,"valueName":"search_term_string"}}],"inLanguage":"ca"},{"@type":"Person","@id":"https:\/\/doctoraminerva.es\/ca\/#\/schema\/person\/d07a75491c0215611ce5f01c8ce7621f","name":"Minerva","sameAs":["https:\/\/doctoraminerva.es"],"url":"https:\/\/doctoraminerva.es\/ca\/author\/Minerva\/"}]}},"_links":{"self":[{"href":"https:\/\/doctoraminerva.es\/ca\/wp-json\/wp\/v2\/posts\/1342","targetHints":{"allow":["GET"]}}],"collection":[{"href":"https:\/\/doctoraminerva.es\/ca\/wp-json\/wp\/v2\/posts"}],"about":[{"href":"https:\/\/doctoraminerva.es\/ca\/wp-json\/wp\/v2\/types\/post"}],"author":[{"embeddable":true,"href":"https:\/\/doctoraminerva.es\/ca\/wp-json\/wp\/v2\/users\/1"}],"replies":[{"embeddable":true,"href":"https:\/\/doctoraminerva.es\/ca\/wp-json\/wp\/v2\/comments?post=1342"}],"version-history":[{"count":0,"href":"https:\/\/doctoraminerva.es\/ca\/wp-json\/wp\/v2\/posts\/1342\/revisions"}],"wp:featuredmedia":[{"embeddable":true,"href":"https:\/\/doctoraminerva.es\/ca\/wp-json\/wp\/v2\/media\/1141"}],"wp:attachment":[{"href":"https:\/\/doctoraminerva.es\/ca\/wp-json\/wp\/v2\/media?parent=1342"}],"wp:term":[{"taxonomy":"category","embeddable":true,"href":"https:\/\/doctoraminerva.es\/ca\/wp-json\/wp\/v2\/categories?post=1342"},{"taxonomy":"post_tag","embeddable":true,"href":"https:\/\/doctoraminerva.es\/ca\/wp-json\/wp\/v2\/tags?post=1342"}],"curies":[{"name":"wp","href":"https:\/\/api.w.org\/{rel}","templated":true}]}}