{"id":1330,"date":"2017-12-14T12:09:51","date_gmt":"2017-12-14T11:09:51","guid":{"rendered":"https:\/\/doctoraminerva.es\/dra-marta-rep-el-premi-a-la-millor-comunicacio-poster-de-casos-clinics\/"},"modified":"2025-08-21T16:43:29","modified_gmt":"2025-08-21T14:43:29","slug":"dra-marta-rep-el-premi-a-la-millor-comunicacio-poster-de-casos-clinics","status":"publish","type":"post","link":"https:\/\/doctoraminerva.es\/ca\/dra-marta-rep-el-premi-a-la-millor-comunicacio-poster-de-casos-clinics\/","title":{"rendered":"Dra. Marta rep el Premi a la millor comunicaci\u00f3 p\u00f2ster de casos cl\u00ednics"},"content":{"rendered":"<div class=\"fusion-fullwidth fullwidth-box fusion-builder-row-1 fusion-flex-container has-pattern-background has-mask-background nonhundred-percent-fullwidth non-hundred-percent-height-scrolling\" style=\"--link_color: var(--awb-color4);--awb-border-radius-top-left:0px;--awb-border-radius-top-right:0px;--awb-border-radius-bottom-right:0px;--awb-border-radius-bottom-left:0px;--awb-flex-wrap:wrap;\" ><div class=\"fusion-builder-row fusion-row fusion-flex-align-items-flex-start fusion-flex-content-wrap\" style=\"max-width:1508px;margin-left: calc(-4% \/ 2 );margin-right: calc(-4% \/ 2 );\"><div class=\"fusion-layout-column fusion_builder_column fusion-builder-column-0 fusion_builder_column_1_2 1_2 fusion-flex-column\" style=\"--awb-bg-size:cover;--awb-width-large:50%;--awb-margin-top-large:0px;--awb-spacing-right-large:3.84%;--awb-margin-bottom-large:20px;--awb-spacing-left-large:3.84%;--awb-width-medium:50%;--awb-order-medium:0;--awb-spacing-right-medium:3.84%;--awb-spacing-left-medium:3.84%;--awb-width-small:100%;--awb-order-small:0;--awb-spacing-right-small:1.92%;--awb-spacing-left-small:1.92%;\"><div class=\"fusion-column-wrapper fusion-column-has-shadow fusion-flex-justify-content-flex-start fusion-content-layout-column\"><div class=\"fusion-text fusion-text-1\" style=\"--awb-font-size:var(--awb-typography4-font-size);--awb-line-height:var(--awb-typography4-line-height);--awb-letter-spacing:var(--awb-typography4-letter-spacing);--awb-text-transform:var(--awb-typography4-text-transform);--awb-text-color:var(--awb-color6);--awb-margin-top:20px;--awb-text-font-family:var(--awb-typography4-font-family);--awb-text-font-weight:var(--awb-typography4-font-weight);--awb-text-font-style:var(--awb-typography4-font-style);\"><p>La Dra. Marta ha rebut el Premi a la millor comunicaci\u00f3 p\u00f3ster de casos cl\u00ednics pel treball Tractaments de la periimplantitis mitjan\u00e7ant abordatge quir\u00fargic combinat, s\u00e8rie de 6 casos amb un seguiment de 6 mesos.<\/p>\n<p>Aquest congr\u00e9s es va celebrar a Val\u00e8ncia del 16 al 18 de Novembre de 2017.<\/p>\n<p>\u00a1\u00a1Enhorabona!!<\/p>\n<\/div><div class=\"fusion-image-element \" style=\"text-align:center;--awb-caption-title-font-family:var(--h2_typography-font-family);--awb-caption-title-font-weight:var(--h2_typography-font-weight);--awb-caption-title-font-style:var(--h2_typography-font-style);--awb-caption-title-size:var(--h2_typography-font-size);--awb-caption-title-transform:var(--h2_typography-text-transform);--awb-caption-title-line-height:var(--h2_typography-line-height);--awb-caption-title-letter-spacing:var(--h2_typography-letter-spacing);\"><span class=\" fusion-imageframe imageframe-none imageframe-1 hover-type-none\"><img decoding=\"async\" width=\"1000\" height=\"709\" alt=\"Comunicat situaci\u00f3 actual Covid-19\" title=\"titulo-dr-marta_x\" src=\"https:\/\/doctoraminerva.es\/wp-content\/uploads\/titulo-dr-marta_x.webp\" class=\"img-responsive wp-image-1085\" srcset=\"https:\/\/doctoraminerva.es\/wp-content\/uploads\/titulo-dr-marta_x-200x142.webp 200w, https:\/\/doctoraminerva.es\/wp-content\/uploads\/titulo-dr-marta_x-400x284.webp 400w, https:\/\/doctoraminerva.es\/wp-content\/uploads\/titulo-dr-marta_x-600x425.webp 600w, https:\/\/doctoraminerva.es\/wp-content\/uploads\/titulo-dr-marta_x-800x567.webp 800w, https:\/\/doctoraminerva.es\/wp-content\/uploads\/titulo-dr-marta_x.webp 1000w\" sizes=\"(max-width: 780px) 100vw, 800px\" \/><\/span><\/div><\/div><\/div><div class=\"fusion-layout-column fusion_builder_column fusion-builder-column-1 fusion_builder_column_2_5 2_5 fusion-flex-column\" style=\"--awb-bg-size:cover;--awb-width-large:40%;--awb-margin-top-large:0px;--awb-spacing-right-large:4.8%;--awb-margin-bottom-large:20px;--awb-spacing-left-large:4.8%;--awb-width-medium:40%;--awb-order-medium:0;--awb-spacing-right-medium:4.8%;--awb-spacing-left-medium:4.8%;--awb-width-small:100%;--awb-order-small:0;--awb-spacing-right-small:1.92%;--awb-spacing-left-small:1.92%;\"><div class=\"fusion-column-wrapper fusion-column-has-shadow fusion-flex-justify-content-flex-start fusion-content-layout-column\"><div class=\"fusion-image-element \" style=\"text-align:center;--awb-caption-title-font-family:var(--h2_typography-font-family);--awb-caption-title-font-weight:var(--h2_typography-font-weight);--awb-caption-title-font-style:var(--h2_typography-font-style);--awb-caption-title-size:var(--h2_typography-font-size);--awb-caption-title-transform:var(--h2_typography-text-transform);--awb-caption-title-line-height:var(--h2_typography-line-height);--awb-caption-title-letter-spacing:var(--h2_typography-letter-spacing);\"><span class=\" fusion-imageframe imageframe-none imageframe-2 hover-type-none\"><img decoding=\"async\" width=\"584\" height=\"800\" alt=\"Comunicat situaci\u00f3 actual Covid-19\" title=\"dra-marta-congreso_x\" src=\"https:\/\/doctoraminerva.es\/wp-content\/uploads\/dra-marta-congreso_x.webp\" class=\"img-responsive wp-image-1088\" srcset=\"https:\/\/doctoraminerva.es\/wp-content\/uploads\/dra-marta-congreso_x-200x274.webp 200w, https:\/\/doctoraminerva.es\/wp-content\/uploads\/dra-marta-congreso_x-400x548.webp 400w, https:\/\/doctoraminerva.es\/wp-content\/uploads\/dra-marta-congreso_x.webp 584w\" sizes=\"(max-width: 780px) 100vw, 584px\" \/><\/span><\/div><\/div><\/div><\/div><\/div>\n","protected":false},"excerpt":{"rendered":"","protected":false},"author":1,"featured_media":1088,"comment_status":"closed","ping_status":"closed","sticky":false,"template":"","format":"standard","meta":{"footnotes":""},"categories":[30],"tags":[],"class_list":["post-1330","post","type-post","status-publish","format-standard","has-post-thumbnail","hentry","category-noticies"],"yoast_head":"<!-- This site is optimized with the Yoast SEO plugin v27.4 - https:\/\/yoast.com\/product\/yoast-seo-wordpress\/ -->\n<title>Dra. Marta rep el Premi a la millor comunicaci\u00f3 p\u00f2ster de casos cl\u00ednics<\/title>\n<meta name=\"description\" content=\"Dra. Marta rep el Premi a la millor comunicaci\u00f3 p\u00f2ster de casos cl\u00ednics\" \/>\n<meta name=\"robots\" content=\"index, follow, max-snippet:-1, max-image-preview:large, max-video-preview:-1\" \/>\n<link rel=\"canonical\" href=\"https:\/\/doctoraminerva.es\/ca\/dra-marta-rep-el-premi-a-la-millor-comunicacio-poster-de-casos-clinics\/\" \/>\n<meta property=\"og:locale\" content=\"ca_ES\" \/>\n<meta property=\"og:type\" content=\"article\" \/>\n<meta property=\"og:title\" content=\"Dra. Marta rep el Premi a la millor comunicaci\u00f3 p\u00f2ster de casos cl\u00ednics\" \/>\n<meta property=\"og:description\" content=\"Dra. Marta rep el Premi a la millor comunicaci\u00f3 p\u00f2ster de casos cl\u00ednics\" \/>\n<meta property=\"og:url\" content=\"https:\/\/doctoraminerva.es\/ca\/dra-marta-rep-el-premi-a-la-millor-comunicacio-poster-de-casos-clinics\/\" \/>\n<meta property=\"og:site_name\" content=\"Cl\u00ednica dental en Montcada i Reixac de la Doctora Minerva.\" \/>\n<meta property=\"article:published_time\" content=\"2017-12-14T11:09:51+00:00\" \/>\n<meta property=\"article:modified_time\" content=\"2025-08-21T14:43:29+00:00\" \/>\n<meta property=\"og:image\" content=\"https:\/\/doctoraminerva.es\/wp-content\/uploads\/dra-marta-congreso_x.webp\" \/>\n\t<meta property=\"og:image:width\" content=\"584\" \/>\n\t<meta property=\"og:image:height\" content=\"800\" \/>\n\t<meta property=\"og:image:type\" content=\"image\/webp\" \/>\n<meta name=\"author\" content=\"Minerva\" \/>\n<meta name=\"twitter:card\" content=\"summary_large_image\" \/>\n<meta name=\"twitter:label1\" content=\"Escrit per\" \/>\n\t<meta name=\"twitter:data1\" content=\"Minerva\" \/>\n\t<meta name=\"twitter:label2\" content=\"Temps estimat de lectura\" \/>\n\t<meta name=\"twitter:data2\" content=\"11 minuts\" \/>\n<script type=\"application\/ld+json\" class=\"yoast-schema-graph\">{\"@context\":\"https:\\\/\\\/schema.org\",\"@graph\":[{\"@type\":\"Article\",\"@id\":\"https:\\\/\\\/doctoraminerva.es\\\/ca\\\/dra-marta-rep-el-premi-a-la-millor-comunicacio-poster-de-casos-clinics\\\/#article\",\"isPartOf\":{\"@id\":\"https:\\\/\\\/doctoraminerva.es\\\/ca\\\/dra-marta-rep-el-premi-a-la-millor-comunicacio-poster-de-casos-clinics\\\/\"},\"author\":{\"name\":\"Minerva\",\"@id\":\"https:\\\/\\\/doctoraminerva.es\\\/ca\\\/#\\\/schema\\\/person\\\/d07a75491c0215611ce5f01c8ce7621f\"},\"headline\":\"Dra. Marta rep el Premi a la millor comunicaci\u00f3 p\u00f2ster de casos cl\u00ednics\",\"datePublished\":\"2017-12-14T11:09:51+00:00\",\"dateModified\":\"2025-08-21T14:43:29+00:00\",\"mainEntityOfPage\":{\"@id\":\"https:\\\/\\\/doctoraminerva.es\\\/ca\\\/dra-marta-rep-el-premi-a-la-millor-comunicacio-poster-de-casos-clinics\\\/\"},\"wordCount\":2191,\"image\":{\"@id\":\"https:\\\/\\\/doctoraminerva.es\\\/ca\\\/dra-marta-rep-el-premi-a-la-millor-comunicacio-poster-de-casos-clinics\\\/#primaryimage\"},\"thumbnailUrl\":\"https:\\\/\\\/doctoraminerva.es\\\/wp-content\\\/uploads\\\/dra-marta-congreso_x.webp\",\"articleSection\":[\"not\u00edcies\"],\"inLanguage\":\"ca\"},{\"@type\":\"WebPage\",\"@id\":\"https:\\\/\\\/doctoraminerva.es\\\/ca\\\/dra-marta-rep-el-premi-a-la-millor-comunicacio-poster-de-casos-clinics\\\/\",\"url\":\"https:\\\/\\\/doctoraminerva.es\\\/ca\\\/dra-marta-rep-el-premi-a-la-millor-comunicacio-poster-de-casos-clinics\\\/\",\"name\":\"Dra. Marta rep el Premi a la millor comunicaci\u00f3 p\u00f2ster de casos cl\u00ednics\",\"isPartOf\":{\"@id\":\"https:\\\/\\\/doctoraminerva.es\\\/ca\\\/#website\"},\"primaryImageOfPage\":{\"@id\":\"https:\\\/\\\/doctoraminerva.es\\\/ca\\\/dra-marta-rep-el-premi-a-la-millor-comunicacio-poster-de-casos-clinics\\\/#primaryimage\"},\"image\":{\"@id\":\"https:\\\/\\\/doctoraminerva.es\\\/ca\\\/dra-marta-rep-el-premi-a-la-millor-comunicacio-poster-de-casos-clinics\\\/#primaryimage\"},\"thumbnailUrl\":\"https:\\\/\\\/doctoraminerva.es\\\/wp-content\\\/uploads\\\/dra-marta-congreso_x.webp\",\"datePublished\":\"2017-12-14T11:09:51+00:00\",\"dateModified\":\"2025-08-21T14:43:29+00:00\",\"author\":{\"@id\":\"https:\\\/\\\/doctoraminerva.es\\\/ca\\\/#\\\/schema\\\/person\\\/d07a75491c0215611ce5f01c8ce7621f\"},\"description\":\"Dra. Marta rep el Premi a la millor comunicaci\u00f3 p\u00f2ster de casos cl\u00ednics\",\"breadcrumb\":{\"@id\":\"https:\\\/\\\/doctoraminerva.es\\\/ca\\\/dra-marta-rep-el-premi-a-la-millor-comunicacio-poster-de-casos-clinics\\\/#breadcrumb\"},\"inLanguage\":\"ca\",\"potentialAction\":[{\"@type\":\"ReadAction\",\"target\":[\"https:\\\/\\\/doctoraminerva.es\\\/ca\\\/dra-marta-rep-el-premi-a-la-millor-comunicacio-poster-de-casos-clinics\\\/\"]}]},{\"@type\":\"ImageObject\",\"inLanguage\":\"ca\",\"@id\":\"https:\\\/\\\/doctoraminerva.es\\\/ca\\\/dra-marta-rep-el-premi-a-la-millor-comunicacio-poster-de-casos-clinics\\\/#primaryimage\",\"url\":\"https:\\\/\\\/doctoraminerva.es\\\/wp-content\\\/uploads\\\/dra-marta-congreso_x.webp\",\"contentUrl\":\"https:\\\/\\\/doctoraminerva.es\\\/wp-content\\\/uploads\\\/dra-marta-congreso_x.webp\",\"width\":584,\"height\":800},{\"@type\":\"BreadcrumbList\",\"@id\":\"https:\\\/\\\/doctoraminerva.es\\\/ca\\\/dra-marta-rep-el-premi-a-la-millor-comunicacio-poster-de-casos-clinics\\\/#breadcrumb\",\"itemListElement\":[{\"@type\":\"ListItem\",\"position\":1,\"name\":\"Inici\",\"item\":\"https:\\\/\\\/doctoraminerva.es\\\/ca\\\/\"},{\"@type\":\"ListItem\",\"position\":2,\"name\":\"Dra. Marta rep el Premi a la millor comunicaci\u00f3 p\u00f2ster de casos cl\u00ednics\"}]},{\"@type\":\"WebSite\",\"@id\":\"https:\\\/\\\/doctoraminerva.es\\\/ca\\\/#website\",\"url\":\"https:\\\/\\\/doctoraminerva.es\\\/ca\\\/\",\"name\":\"Cl\u00ednica dental en Montcada i Reixac de la Doctora Minerva.\",\"description\":\"\",\"potentialAction\":[{\"@type\":\"SearchAction\",\"target\":{\"@type\":\"EntryPoint\",\"urlTemplate\":\"https:\\\/\\\/doctoraminerva.es\\\/ca\\\/?s={search_term_string}\"},\"query-input\":{\"@type\":\"PropertyValueSpecification\",\"valueRequired\":true,\"valueName\":\"search_term_string\"}}],\"inLanguage\":\"ca\"},{\"@type\":\"Person\",\"@id\":\"https:\\\/\\\/doctoraminerva.es\\\/ca\\\/#\\\/schema\\\/person\\\/d07a75491c0215611ce5f01c8ce7621f\",\"name\":\"Minerva\",\"sameAs\":[\"https:\\\/\\\/doctoraminerva.es\"],\"url\":\"https:\\\/\\\/doctoraminerva.es\\\/ca\\\/author\\\/Minerva\\\/\"}]}<\/script>\n<!-- \/ Yoast SEO plugin. -->","yoast_head_json":{"title":"Dra. Marta rep el Premi a la millor comunicaci\u00f3 p\u00f2ster de casos cl\u00ednics","description":"Dra. Marta rep el Premi a la millor comunicaci\u00f3 p\u00f2ster de casos cl\u00ednics","robots":{"index":"index","follow":"follow","max-snippet":"max-snippet:-1","max-image-preview":"max-image-preview:large","max-video-preview":"max-video-preview:-1"},"canonical":"https:\/\/doctoraminerva.es\/ca\/dra-marta-rep-el-premi-a-la-millor-comunicacio-poster-de-casos-clinics\/","og_locale":"ca_ES","og_type":"article","og_title":"Dra. Marta rep el Premi a la millor comunicaci\u00f3 p\u00f2ster de casos cl\u00ednics","og_description":"Dra. Marta rep el Premi a la millor comunicaci\u00f3 p\u00f2ster de casos cl\u00ednics","og_url":"https:\/\/doctoraminerva.es\/ca\/dra-marta-rep-el-premi-a-la-millor-comunicacio-poster-de-casos-clinics\/","og_site_name":"Cl\u00ednica dental en Montcada i Reixac de la Doctora Minerva.","article_published_time":"2017-12-14T11:09:51+00:00","article_modified_time":"2025-08-21T14:43:29+00:00","og_image":[{"width":584,"height":800,"url":"https:\/\/doctoraminerva.es\/wp-content\/uploads\/dra-marta-congreso_x.webp","type":"image\/webp"}],"author":"Minerva","twitter_card":"summary_large_image","twitter_misc":{"Escrit per":"Minerva","Temps estimat de lectura":"11 minuts"},"schema":{"@context":"https:\/\/schema.org","@graph":[{"@type":"Article","@id":"https:\/\/doctoraminerva.es\/ca\/dra-marta-rep-el-premi-a-la-millor-comunicacio-poster-de-casos-clinics\/#article","isPartOf":{"@id":"https:\/\/doctoraminerva.es\/ca\/dra-marta-rep-el-premi-a-la-millor-comunicacio-poster-de-casos-clinics\/"},"author":{"name":"Minerva","@id":"https:\/\/doctoraminerva.es\/ca\/#\/schema\/person\/d07a75491c0215611ce5f01c8ce7621f"},"headline":"Dra. Marta rep el Premi a la millor comunicaci\u00f3 p\u00f2ster de casos cl\u00ednics","datePublished":"2017-12-14T11:09:51+00:00","dateModified":"2025-08-21T14:43:29+00:00","mainEntityOfPage":{"@id":"https:\/\/doctoraminerva.es\/ca\/dra-marta-rep-el-premi-a-la-millor-comunicacio-poster-de-casos-clinics\/"},"wordCount":2191,"image":{"@id":"https:\/\/doctoraminerva.es\/ca\/dra-marta-rep-el-premi-a-la-millor-comunicacio-poster-de-casos-clinics\/#primaryimage"},"thumbnailUrl":"https:\/\/doctoraminerva.es\/wp-content\/uploads\/dra-marta-congreso_x.webp","articleSection":["not\u00edcies"],"inLanguage":"ca"},{"@type":"WebPage","@id":"https:\/\/doctoraminerva.es\/ca\/dra-marta-rep-el-premi-a-la-millor-comunicacio-poster-de-casos-clinics\/","url":"https:\/\/doctoraminerva.es\/ca\/dra-marta-rep-el-premi-a-la-millor-comunicacio-poster-de-casos-clinics\/","name":"Dra. Marta rep el Premi a la millor comunicaci\u00f3 p\u00f2ster de casos cl\u00ednics","isPartOf":{"@id":"https:\/\/doctoraminerva.es\/ca\/#website"},"primaryImageOfPage":{"@id":"https:\/\/doctoraminerva.es\/ca\/dra-marta-rep-el-premi-a-la-millor-comunicacio-poster-de-casos-clinics\/#primaryimage"},"image":{"@id":"https:\/\/doctoraminerva.es\/ca\/dra-marta-rep-el-premi-a-la-millor-comunicacio-poster-de-casos-clinics\/#primaryimage"},"thumbnailUrl":"https:\/\/doctoraminerva.es\/wp-content\/uploads\/dra-marta-congreso_x.webp","datePublished":"2017-12-14T11:09:51+00:00","dateModified":"2025-08-21T14:43:29+00:00","author":{"@id":"https:\/\/doctoraminerva.es\/ca\/#\/schema\/person\/d07a75491c0215611ce5f01c8ce7621f"},"description":"Dra. Marta rep el Premi a la millor comunicaci\u00f3 p\u00f2ster de casos cl\u00ednics","breadcrumb":{"@id":"https:\/\/doctoraminerva.es\/ca\/dra-marta-rep-el-premi-a-la-millor-comunicacio-poster-de-casos-clinics\/#breadcrumb"},"inLanguage":"ca","potentialAction":[{"@type":"ReadAction","target":["https:\/\/doctoraminerva.es\/ca\/dra-marta-rep-el-premi-a-la-millor-comunicacio-poster-de-casos-clinics\/"]}]},{"@type":"ImageObject","inLanguage":"ca","@id":"https:\/\/doctoraminerva.es\/ca\/dra-marta-rep-el-premi-a-la-millor-comunicacio-poster-de-casos-clinics\/#primaryimage","url":"https:\/\/doctoraminerva.es\/wp-content\/uploads\/dra-marta-congreso_x.webp","contentUrl":"https:\/\/doctoraminerva.es\/wp-content\/uploads\/dra-marta-congreso_x.webp","width":584,"height":800},{"@type":"BreadcrumbList","@id":"https:\/\/doctoraminerva.es\/ca\/dra-marta-rep-el-premi-a-la-millor-comunicacio-poster-de-casos-clinics\/#breadcrumb","itemListElement":[{"@type":"ListItem","position":1,"name":"Inici","item":"https:\/\/doctoraminerva.es\/ca\/"},{"@type":"ListItem","position":2,"name":"Dra. Marta rep el Premi a la millor comunicaci\u00f3 p\u00f2ster de casos cl\u00ednics"}]},{"@type":"WebSite","@id":"https:\/\/doctoraminerva.es\/ca\/#website","url":"https:\/\/doctoraminerva.es\/ca\/","name":"Cl\u00ednica dental en Montcada i Reixac de la Doctora Minerva.","description":"","potentialAction":[{"@type":"SearchAction","target":{"@type":"EntryPoint","urlTemplate":"https:\/\/doctoraminerva.es\/ca\/?s={search_term_string}"},"query-input":{"@type":"PropertyValueSpecification","valueRequired":true,"valueName":"search_term_string"}}],"inLanguage":"ca"},{"@type":"Person","@id":"https:\/\/doctoraminerva.es\/ca\/#\/schema\/person\/d07a75491c0215611ce5f01c8ce7621f","name":"Minerva","sameAs":["https:\/\/doctoraminerva.es"],"url":"https:\/\/doctoraminerva.es\/ca\/author\/Minerva\/"}]}},"_links":{"self":[{"href":"https:\/\/doctoraminerva.es\/ca\/wp-json\/wp\/v2\/posts\/1330","targetHints":{"allow":["GET"]}}],"collection":[{"href":"https:\/\/doctoraminerva.es\/ca\/wp-json\/wp\/v2\/posts"}],"about":[{"href":"https:\/\/doctoraminerva.es\/ca\/wp-json\/wp\/v2\/types\/post"}],"author":[{"embeddable":true,"href":"https:\/\/doctoraminerva.es\/ca\/wp-json\/wp\/v2\/users\/1"}],"replies":[{"embeddable":true,"href":"https:\/\/doctoraminerva.es\/ca\/wp-json\/wp\/v2\/comments?post=1330"}],"version-history":[{"count":0,"href":"https:\/\/doctoraminerva.es\/ca\/wp-json\/wp\/v2\/posts\/1330\/revisions"}],"wp:featuredmedia":[{"embeddable":true,"href":"https:\/\/doctoraminerva.es\/ca\/wp-json\/wp\/v2\/media\/1088"}],"wp:attachment":[{"href":"https:\/\/doctoraminerva.es\/ca\/wp-json\/wp\/v2\/media?parent=1330"}],"wp:term":[{"taxonomy":"category","embeddable":true,"href":"https:\/\/doctoraminerva.es\/ca\/wp-json\/wp\/v2\/categories?post=1330"},{"taxonomy":"post_tag","embeddable":true,"href":"https:\/\/doctoraminerva.es\/ca\/wp-json\/wp\/v2\/tags?post=1330"}],"curies":[{"name":"wp","href":"https:\/\/api.w.org\/{rel}","templated":true}]}}