{"id":1318,"date":"2021-01-14T18:24:55","date_gmt":"2021-01-14T17:24:55","guid":{"rendered":"https:\/\/doctoraminerva.es\/en-que-consisteix-la-periodoncia-i-quin-es-el-seu-abast\/"},"modified":"2025-08-21T16:38:09","modified_gmt":"2025-08-21T14:38:09","slug":"en-que-consisteix-la-periodoncia-i-quin-es-el-seu-abast","status":"publish","type":"post","link":"https:\/\/doctoraminerva.es\/ca\/en-que-consisteix-la-periodoncia-i-quin-es-el-seu-abast\/","title":{"rendered":"En qu\u00e8 consisteix la Period\u00f2ncia i quin \u00e9s el seu abast?"},"content":{"rendered":"<div class=\"fusion-fullwidth fullwidth-box fusion-builder-row-1 fusion-flex-container has-pattern-background has-mask-background nonhundred-percent-fullwidth non-hundred-percent-height-scrolling\" style=\"--link_color: var(--awb-color4);--awb-border-radius-top-left:0px;--awb-border-radius-top-right:0px;--awb-border-radius-bottom-right:0px;--awb-border-radius-bottom-left:0px;--awb-flex-wrap:wrap;\" ><div class=\"fusion-builder-row fusion-row fusion-flex-align-items-flex-start fusion-flex-content-wrap\" style=\"max-width:1508px;margin-left: calc(-4% \/ 2 );margin-right: calc(-4% \/ 2 );\"><div class=\"fusion-layout-column fusion_builder_column fusion-builder-column-0 fusion_builder_column_1_1 1_1 fusion-flex-column\" style=\"--awb-bg-size:cover;--awb-width-large:100%;--awb-margin-top-large:0px;--awb-spacing-right-large:1.92%;--awb-margin-bottom-large:20px;--awb-spacing-left-large:1.92%;--awb-width-medium:100%;--awb-order-medium:0;--awb-spacing-right-medium:1.92%;--awb-spacing-left-medium:1.92%;--awb-width-small:100%;--awb-order-small:0;--awb-spacing-right-small:1.92%;--awb-spacing-left-small:1.92%;\"><div class=\"fusion-column-wrapper fusion-column-has-shadow fusion-flex-justify-content-flex-start fusion-content-layout-column\"><div class=\"fusion-text fusion-text-1\" style=\"--awb-font-size:var(--awb-typography4-font-size);--awb-line-height:var(--awb-typography4-line-height);--awb-letter-spacing:var(--awb-typography4-letter-spacing);--awb-text-transform:var(--awb-typography4-text-transform);--awb-text-color:var(--awb-color6);--awb-text-font-family:var(--awb-typography4-font-family);--awb-text-font-weight:var(--awb-typography4-font-weight);--awb-text-font-style:var(--awb-typography4-font-style);\"><p>La period\u00f2ncia \u00e9s una especialitat de l\u2019odontologia que estudia i tracta les malalties dels teixits situats al voltant de la dent. Aquests s\u00f3n les genives, l\u2019\u00f3s alveolar, el ciment radicular i el lligament periodontal.<\/p>\n<\/div><\/div><\/div><div class=\"fusion-layout-column fusion_builder_column fusion-builder-column-1 fusion_builder_column_1_2 1_2 fusion-flex-column\" style=\"--awb-bg-size:cover;--awb-width-large:50%;--awb-margin-top-large:0px;--awb-spacing-right-large:3.84%;--awb-margin-bottom-large:20px;--awb-spacing-left-large:3.84%;--awb-width-medium:50%;--awb-order-medium:0;--awb-spacing-right-medium:3.84%;--awb-spacing-left-medium:3.84%;--awb-width-small:100%;--awb-order-small:0;--awb-spacing-right-small:1.92%;--awb-spacing-left-small:1.92%;\"><div class=\"fusion-column-wrapper fusion-column-has-shadow fusion-flex-justify-content-flex-start fusion-content-layout-column\"><div class=\"fusion-title title fusion-title-1 fusion-sep-none fusion-title-text fusion-title-size-three\" style=\"--awb-text-color:var(--awb-color6);--awb-margin-top-small:10px;--awb-margin-right-small:0px;--awb-margin-bottom-small:10px;--awb-margin-left-small:0px;--awb-font-size:var(--awb-typography5-font-size);\"><h3 class=\"fusion-title-heading title-heading-left fusion-responsive-typography-calculated\" style=\"font-family:var(--awb-typography5-font-family);font-weight:var(--awb-typography5-font-weight);font-style:var(--awb-typography5-font-style);margin:0;letter-spacing:var(--awb-typography5-letter-spacing);text-transform:var(--awb-typography5-text-transform);font-size:1em;--fontSize:21;--minFontSize:21;line-height:var(--awb-typography5-line-height);\">Causes i conseq\u00fc\u00e8ncies de les malalties periodontals<\/h3><\/div><div class=\"fusion-text fusion-text-2\" style=\"--awb-font-size:var(--awb-typography4-font-size);--awb-line-height:var(--awb-typography4-line-height);--awb-letter-spacing:var(--awb-typography4-letter-spacing);--awb-text-transform:var(--awb-typography4-text-transform);--awb-text-color:var(--awb-color6);--awb-text-font-family:var(--awb-typography4-font-family);--awb-text-font-weight:var(--awb-typography4-font-weight);--awb-text-font-style:var(--awb-typography4-font-style);\"><p>Les malalties dels teixits situats al voltant de la dent apareixen quan no hi ha una bona higiene. Si no hi ha const\u00e0ncia en la<strong> higiene bucodental <\/strong>sorgeix l\u2019afavoriment de l\u2019aparici\u00f3 de plaques de bacteris les quals s\u2019acumulen sota la geniva. Quan aix\u00f2 passa es produeix una infecci\u00f3 i les genives s\u2019inflamen. A causa d\u2019aix\u00f2 poden apar\u00e8ixer dues grans malalties periodontals que estudia la period\u00f2ncia: la gingivitis i la periodontitis.<\/p>\n<\/div><\/div><\/div><div class=\"fusion-layout-column fusion_builder_column fusion-builder-column-2 fusion_builder_column_1_2 1_2 fusion-flex-column\" style=\"--awb-bg-size:cover;--awb-width-large:50%;--awb-margin-top-large:0px;--awb-spacing-right-large:3.84%;--awb-margin-bottom-large:20px;--awb-spacing-left-large:3.84%;--awb-width-medium:50%;--awb-order-medium:0;--awb-spacing-right-medium:3.84%;--awb-spacing-left-medium:3.84%;--awb-width-small:100%;--awb-order-small:0;--awb-spacing-right-small:1.92%;--awb-spacing-left-small:1.92%;\"><div class=\"fusion-column-wrapper fusion-column-has-shadow fusion-flex-justify-content-flex-start fusion-content-layout-column\"><div class=\"fusion-image-element \" style=\"--awb-caption-title-font-family:var(--h2_typography-font-family);--awb-caption-title-font-weight:var(--h2_typography-font-weight);--awb-caption-title-font-style:var(--h2_typography-font-style);--awb-caption-title-size:var(--h2_typography-font-size);--awb-caption-title-transform:var(--h2_typography-text-transform);--awb-caption-title-line-height:var(--h2_typography-line-height);--awb-caption-title-letter-spacing:var(--h2_typography-letter-spacing);\"><span class=\" fusion-imageframe imageframe-none imageframe-1 hover-type-none\"><img decoding=\"async\" width=\"500\" height=\"350\" alt=\"En qu\u00e8 consisteix la Period\u00f2ncia i quin \u00e9s el seu abast?\" title=\"en-que-consiste-la-periodoncia-y-que-alcance-tiene_x\" src=\"https:\/\/doctoraminerva.es\/wp-content\/uploads\/en-que-consiste-la-periodoncia-y-que-alcance-tiene_x.webp\" class=\"img-responsive wp-image-1040\" srcset=\"https:\/\/doctoraminerva.es\/wp-content\/uploads\/en-que-consiste-la-periodoncia-y-que-alcance-tiene_x-200x140.webp 200w, https:\/\/doctoraminerva.es\/wp-content\/uploads\/en-que-consiste-la-periodoncia-y-que-alcance-tiene_x-400x280.webp 400w, https:\/\/doctoraminerva.es\/wp-content\/uploads\/en-que-consiste-la-periodoncia-y-que-alcance-tiene_x.webp 500w\" sizes=\"(max-width: 780px) 100vw, 500px\" \/><\/span><\/div><\/div><\/div><div class=\"fusion-layout-column fusion_builder_column fusion-builder-column-3 fusion_builder_column_1_1 1_1 fusion-flex-column\" style=\"--awb-bg-size:cover;--awb-width-large:100%;--awb-margin-top-large:0px;--awb-spacing-right-large:1.92%;--awb-margin-bottom-large:20px;--awb-spacing-left-large:1.92%;--awb-width-medium:100%;--awb-order-medium:0;--awb-spacing-right-medium:1.92%;--awb-spacing-left-medium:1.92%;--awb-width-small:100%;--awb-order-small:0;--awb-spacing-right-small:1.92%;--awb-spacing-left-small:1.92%;\"><div class=\"fusion-column-wrapper fusion-column-has-shadow fusion-flex-justify-content-flex-start fusion-content-layout-column\"><div class=\"fusion-text fusion-text-3\" style=\"--awb-font-size:var(--awb-typography4-font-size);--awb-line-height:var(--awb-typography4-line-height);--awb-letter-spacing:var(--awb-typography4-letter-spacing);--awb-text-transform:var(--awb-typography4-text-transform);--awb-text-color:var(--awb-color6);--awb-text-font-family:var(--awb-typography4-font-family);--awb-text-font-weight:var(--awb-typography4-font-weight);--awb-text-font-style:var(--awb-typography4-font-style);\"><p>Per una banda, la <strong>gingivitis<\/strong> \u00e9s la manifestaci\u00f3 inicial d\u2019una malaltia periodontal. Aquesta \u00e9s la infecci\u00f3 del teixit gingival provocant genives inflamades i vermelles, amb un sagnat associat.<\/p>\n<p>Aix\u00ed doncs, per una altra banda, la <strong>periodontitis<\/strong> apareix quan la malaltia s\u2019agreuja. Comencen a manifestar-se nous signes: mal al\u00e8, creaci\u00f3 de nous espais entre les dents, sang despr\u00e9s de raspallar-se les dents, entre altres s\u00edmptomes.<\/p>\n<p>El <strong>tractament dependr\u00e0 de la fase en la qual es trobi la teva malaltia periodontal. <\/strong> Visitar el dentista regularment i tenir const\u00e0ncia amb la neteja dental \u00e9s imprescindible per evitar aquestes malalties i poder-les tractar de la forma m\u00e9s preco\u00e7 possible.<\/p>\n<p>Si vols prevenir les malalties periodontals i altres afeccions, <a href=\"https:\/\/doctoraminerva.es\/ca\/contacte\/\">concerta una visita amb Doctora Minerva<\/a> i obtingues un diagn\u00f2stic complet sobre la teva salut bucodental.<\/p>\n<\/div><\/div><\/div><\/div><\/div>\n","protected":false},"excerpt":{"rendered":"","protected":false},"author":1,"featured_media":1040,"comment_status":"closed","ping_status":"closed","sticky":false,"template":"","format":"standard","meta":{"footnotes":""},"categories":[30],"tags":[],"class_list":["post-1318","post","type-post","status-publish","format-standard","has-post-thumbnail","hentry","category-noticies"],"yoast_head":"<!-- This site is optimized with the Yoast SEO plugin v27.5 - https:\/\/yoast.com\/product\/yoast-seo-wordpress\/ -->\n<title>Qu\u00e8 \u00e9s una pr\u00f2tesi dental? - Blog de Doctora Minerva<\/title>\n<meta name=\"description\" content=\"Una pr\u00f2tesi dental \u00e9s un element artificial intraoral que s&#039;usa per a restaurar o reconstruir defectes de la cavitat bucal...\" \/>\n<meta name=\"robots\" content=\"index, follow, max-snippet:-1, max-image-preview:large, max-video-preview:-1\" \/>\n<link rel=\"canonical\" href=\"https:\/\/doctoraminerva.es\/ca\/en-que-consisteix-la-periodoncia-i-quin-es-el-seu-abast\/\" \/>\n<meta property=\"og:locale\" content=\"ca_ES\" \/>\n<meta property=\"og:type\" content=\"article\" \/>\n<meta property=\"og:title\" content=\"Qu\u00e8 \u00e9s una pr\u00f2tesi dental? - Blog de Doctora Minerva\" \/>\n<meta property=\"og:description\" content=\"Una pr\u00f2tesi dental \u00e9s un element artificial intraoral que s&#039;usa per a restaurar o reconstruir defectes de la cavitat bucal...\" \/>\n<meta property=\"og:url\" content=\"https:\/\/doctoraminerva.es\/ca\/en-que-consisteix-la-periodoncia-i-quin-es-el-seu-abast\/\" \/>\n<meta property=\"og:site_name\" content=\"Cl\u00ednica dental en Montcada i Reixac de la Doctora Minerva.\" \/>\n<meta property=\"article:published_time\" content=\"2021-01-14T17:24:55+00:00\" \/>\n<meta property=\"article:modified_time\" content=\"2025-08-21T14:38:09+00:00\" \/>\n<meta property=\"og:image\" content=\"https:\/\/doctoraminerva.es\/wp-content\/uploads\/en-que-consiste-la-periodoncia-y-que-alcance-tiene_x.webp\" \/>\n\t<meta property=\"og:image:width\" content=\"500\" \/>\n\t<meta property=\"og:image:height\" content=\"350\" \/>\n\t<meta property=\"og:image:type\" content=\"image\/webp\" \/>\n<meta name=\"author\" content=\"Minerva\" \/>\n<meta name=\"twitter:card\" content=\"summary_large_image\" \/>\n<meta name=\"twitter:label1\" content=\"Escrit per\" \/>\n\t<meta name=\"twitter:data1\" content=\"Minerva\" \/>\n\t<meta name=\"twitter:label2\" content=\"Temps estimat de lectura\" \/>\n\t<meta name=\"twitter:data2\" content=\"17 minuts\" \/>\n<script type=\"application\/ld+json\" class=\"yoast-schema-graph\">{\"@context\":\"https:\\\/\\\/schema.org\",\"@graph\":[{\"@type\":\"Article\",\"@id\":\"https:\\\/\\\/doctoraminerva.es\\\/ca\\\/en-que-consisteix-la-periodoncia-i-quin-es-el-seu-abast\\\/#article\",\"isPartOf\":{\"@id\":\"https:\\\/\\\/doctoraminerva.es\\\/ca\\\/en-que-consisteix-la-periodoncia-i-quin-es-el-seu-abast\\\/\"},\"author\":{\"name\":\"Minerva\",\"@id\":\"https:\\\/\\\/doctoraminerva.es\\\/ca\\\/#\\\/schema\\\/person\\\/d07a75491c0215611ce5f01c8ce7621f\"},\"headline\":\"En qu\u00e8 consisteix la Period\u00f2ncia i quin \u00e9s el seu abast?\",\"datePublished\":\"2021-01-14T17:24:55+00:00\",\"dateModified\":\"2025-08-21T14:38:09+00:00\",\"mainEntityOfPage\":{\"@id\":\"https:\\\/\\\/doctoraminerva.es\\\/ca\\\/en-que-consisteix-la-periodoncia-i-quin-es-el-seu-abast\\\/\"},\"wordCount\":3450,\"image\":{\"@id\":\"https:\\\/\\\/doctoraminerva.es\\\/ca\\\/en-que-consisteix-la-periodoncia-i-quin-es-el-seu-abast\\\/#primaryimage\"},\"thumbnailUrl\":\"https:\\\/\\\/doctoraminerva.es\\\/wp-content\\\/uploads\\\/en-que-consiste-la-periodoncia-y-que-alcance-tiene_x.webp\",\"articleSection\":[\"not\u00edcies\"],\"inLanguage\":\"ca\"},{\"@type\":\"WebPage\",\"@id\":\"https:\\\/\\\/doctoraminerva.es\\\/ca\\\/en-que-consisteix-la-periodoncia-i-quin-es-el-seu-abast\\\/\",\"url\":\"https:\\\/\\\/doctoraminerva.es\\\/ca\\\/en-que-consisteix-la-periodoncia-i-quin-es-el-seu-abast\\\/\",\"name\":\"Qu\u00e8 \u00e9s una pr\u00f2tesi dental? - Blog de Doctora Minerva\",\"isPartOf\":{\"@id\":\"https:\\\/\\\/doctoraminerva.es\\\/ca\\\/#website\"},\"primaryImageOfPage\":{\"@id\":\"https:\\\/\\\/doctoraminerva.es\\\/ca\\\/en-que-consisteix-la-periodoncia-i-quin-es-el-seu-abast\\\/#primaryimage\"},\"image\":{\"@id\":\"https:\\\/\\\/doctoraminerva.es\\\/ca\\\/en-que-consisteix-la-periodoncia-i-quin-es-el-seu-abast\\\/#primaryimage\"},\"thumbnailUrl\":\"https:\\\/\\\/doctoraminerva.es\\\/wp-content\\\/uploads\\\/en-que-consiste-la-periodoncia-y-que-alcance-tiene_x.webp\",\"datePublished\":\"2021-01-14T17:24:55+00:00\",\"dateModified\":\"2025-08-21T14:38:09+00:00\",\"author\":{\"@id\":\"https:\\\/\\\/doctoraminerva.es\\\/ca\\\/#\\\/schema\\\/person\\\/d07a75491c0215611ce5f01c8ce7621f\"},\"description\":\"Una pr\u00f2tesi dental \u00e9s un element artificial intraoral que s'usa per a restaurar o reconstruir defectes de la cavitat bucal...\",\"breadcrumb\":{\"@id\":\"https:\\\/\\\/doctoraminerva.es\\\/ca\\\/en-que-consisteix-la-periodoncia-i-quin-es-el-seu-abast\\\/#breadcrumb\"},\"inLanguage\":\"ca\",\"potentialAction\":[{\"@type\":\"ReadAction\",\"target\":[\"https:\\\/\\\/doctoraminerva.es\\\/ca\\\/en-que-consisteix-la-periodoncia-i-quin-es-el-seu-abast\\\/\"]}]},{\"@type\":\"ImageObject\",\"inLanguage\":\"ca\",\"@id\":\"https:\\\/\\\/doctoraminerva.es\\\/ca\\\/en-que-consisteix-la-periodoncia-i-quin-es-el-seu-abast\\\/#primaryimage\",\"url\":\"https:\\\/\\\/doctoraminerva.es\\\/wp-content\\\/uploads\\\/en-que-consiste-la-periodoncia-y-que-alcance-tiene_x.webp\",\"contentUrl\":\"https:\\\/\\\/doctoraminerva.es\\\/wp-content\\\/uploads\\\/en-que-consiste-la-periodoncia-y-que-alcance-tiene_x.webp\",\"width\":500,\"height\":350,\"caption\":\"\u00bfEn qu\u00e9 consiste la Periodoncia y qu\u00e9 alcance tiene?\"},{\"@type\":\"BreadcrumbList\",\"@id\":\"https:\\\/\\\/doctoraminerva.es\\\/ca\\\/en-que-consisteix-la-periodoncia-i-quin-es-el-seu-abast\\\/#breadcrumb\",\"itemListElement\":[{\"@type\":\"ListItem\",\"position\":1,\"name\":\"Inici\",\"item\":\"https:\\\/\\\/doctoraminerva.es\\\/ca\\\/\"},{\"@type\":\"ListItem\",\"position\":2,\"name\":\"En qu\u00e8 consisteix la Period\u00f2ncia i quin \u00e9s el seu abast?\"}]},{\"@type\":\"WebSite\",\"@id\":\"https:\\\/\\\/doctoraminerva.es\\\/ca\\\/#website\",\"url\":\"https:\\\/\\\/doctoraminerva.es\\\/ca\\\/\",\"name\":\"Cl\u00ednica dental en Montcada i Reixac de la Doctora Minerva.\",\"description\":\"\",\"potentialAction\":[{\"@type\":\"SearchAction\",\"target\":{\"@type\":\"EntryPoint\",\"urlTemplate\":\"https:\\\/\\\/doctoraminerva.es\\\/ca\\\/?s={search_term_string}\"},\"query-input\":{\"@type\":\"PropertyValueSpecification\",\"valueRequired\":true,\"valueName\":\"search_term_string\"}}],\"inLanguage\":\"ca\"},{\"@type\":\"Person\",\"@id\":\"https:\\\/\\\/doctoraminerva.es\\\/ca\\\/#\\\/schema\\\/person\\\/d07a75491c0215611ce5f01c8ce7621f\",\"name\":\"Minerva\",\"sameAs\":[\"https:\\\/\\\/doctoraminerva.es\"],\"url\":\"https:\\\/\\\/doctoraminerva.es\\\/ca\\\/author\\\/Minerva\\\/\"}]}<\/script>\n<!-- \/ Yoast SEO plugin. -->","yoast_head_json":{"title":"Qu\u00e8 \u00e9s una pr\u00f2tesi dental? - Blog de Doctora Minerva","description":"Una pr\u00f2tesi dental \u00e9s un element artificial intraoral que s'usa per a restaurar o reconstruir defectes de la cavitat bucal...","robots":{"index":"index","follow":"follow","max-snippet":"max-snippet:-1","max-image-preview":"max-image-preview:large","max-video-preview":"max-video-preview:-1"},"canonical":"https:\/\/doctoraminerva.es\/ca\/en-que-consisteix-la-periodoncia-i-quin-es-el-seu-abast\/","og_locale":"ca_ES","og_type":"article","og_title":"Qu\u00e8 \u00e9s una pr\u00f2tesi dental? - Blog de Doctora Minerva","og_description":"Una pr\u00f2tesi dental \u00e9s un element artificial intraoral que s'usa per a restaurar o reconstruir defectes de la cavitat bucal...","og_url":"https:\/\/doctoraminerva.es\/ca\/en-que-consisteix-la-periodoncia-i-quin-es-el-seu-abast\/","og_site_name":"Cl\u00ednica dental en Montcada i Reixac de la Doctora Minerva.","article_published_time":"2021-01-14T17:24:55+00:00","article_modified_time":"2025-08-21T14:38:09+00:00","og_image":[{"width":500,"height":350,"url":"https:\/\/doctoraminerva.es\/wp-content\/uploads\/en-que-consiste-la-periodoncia-y-que-alcance-tiene_x.webp","type":"image\/webp"}],"author":"Minerva","twitter_card":"summary_large_image","twitter_misc":{"Escrit per":"Minerva","Temps estimat de lectura":"17 minuts"},"schema":{"@context":"https:\/\/schema.org","@graph":[{"@type":"Article","@id":"https:\/\/doctoraminerva.es\/ca\/en-que-consisteix-la-periodoncia-i-quin-es-el-seu-abast\/#article","isPartOf":{"@id":"https:\/\/doctoraminerva.es\/ca\/en-que-consisteix-la-periodoncia-i-quin-es-el-seu-abast\/"},"author":{"name":"Minerva","@id":"https:\/\/doctoraminerva.es\/ca\/#\/schema\/person\/d07a75491c0215611ce5f01c8ce7621f"},"headline":"En qu\u00e8 consisteix la Period\u00f2ncia i quin \u00e9s el seu abast?","datePublished":"2021-01-14T17:24:55+00:00","dateModified":"2025-08-21T14:38:09+00:00","mainEntityOfPage":{"@id":"https:\/\/doctoraminerva.es\/ca\/en-que-consisteix-la-periodoncia-i-quin-es-el-seu-abast\/"},"wordCount":3450,"image":{"@id":"https:\/\/doctoraminerva.es\/ca\/en-que-consisteix-la-periodoncia-i-quin-es-el-seu-abast\/#primaryimage"},"thumbnailUrl":"https:\/\/doctoraminerva.es\/wp-content\/uploads\/en-que-consiste-la-periodoncia-y-que-alcance-tiene_x.webp","articleSection":["not\u00edcies"],"inLanguage":"ca"},{"@type":"WebPage","@id":"https:\/\/doctoraminerva.es\/ca\/en-que-consisteix-la-periodoncia-i-quin-es-el-seu-abast\/","url":"https:\/\/doctoraminerva.es\/ca\/en-que-consisteix-la-periodoncia-i-quin-es-el-seu-abast\/","name":"Qu\u00e8 \u00e9s una pr\u00f2tesi dental? - Blog de Doctora Minerva","isPartOf":{"@id":"https:\/\/doctoraminerva.es\/ca\/#website"},"primaryImageOfPage":{"@id":"https:\/\/doctoraminerva.es\/ca\/en-que-consisteix-la-periodoncia-i-quin-es-el-seu-abast\/#primaryimage"},"image":{"@id":"https:\/\/doctoraminerva.es\/ca\/en-que-consisteix-la-periodoncia-i-quin-es-el-seu-abast\/#primaryimage"},"thumbnailUrl":"https:\/\/doctoraminerva.es\/wp-content\/uploads\/en-que-consiste-la-periodoncia-y-que-alcance-tiene_x.webp","datePublished":"2021-01-14T17:24:55+00:00","dateModified":"2025-08-21T14:38:09+00:00","author":{"@id":"https:\/\/doctoraminerva.es\/ca\/#\/schema\/person\/d07a75491c0215611ce5f01c8ce7621f"},"description":"Una pr\u00f2tesi dental \u00e9s un element artificial intraoral que s'usa per a restaurar o reconstruir defectes de la cavitat bucal...","breadcrumb":{"@id":"https:\/\/doctoraminerva.es\/ca\/en-que-consisteix-la-periodoncia-i-quin-es-el-seu-abast\/#breadcrumb"},"inLanguage":"ca","potentialAction":[{"@type":"ReadAction","target":["https:\/\/doctoraminerva.es\/ca\/en-que-consisteix-la-periodoncia-i-quin-es-el-seu-abast\/"]}]},{"@type":"ImageObject","inLanguage":"ca","@id":"https:\/\/doctoraminerva.es\/ca\/en-que-consisteix-la-periodoncia-i-quin-es-el-seu-abast\/#primaryimage","url":"https:\/\/doctoraminerva.es\/wp-content\/uploads\/en-que-consiste-la-periodoncia-y-que-alcance-tiene_x.webp","contentUrl":"https:\/\/doctoraminerva.es\/wp-content\/uploads\/en-que-consiste-la-periodoncia-y-que-alcance-tiene_x.webp","width":500,"height":350,"caption":"\u00bfEn qu\u00e9 consiste la Periodoncia y qu\u00e9 alcance tiene?"},{"@type":"BreadcrumbList","@id":"https:\/\/doctoraminerva.es\/ca\/en-que-consisteix-la-periodoncia-i-quin-es-el-seu-abast\/#breadcrumb","itemListElement":[{"@type":"ListItem","position":1,"name":"Inici","item":"https:\/\/doctoraminerva.es\/ca\/"},{"@type":"ListItem","position":2,"name":"En qu\u00e8 consisteix la Period\u00f2ncia i quin \u00e9s el seu abast?"}]},{"@type":"WebSite","@id":"https:\/\/doctoraminerva.es\/ca\/#website","url":"https:\/\/doctoraminerva.es\/ca\/","name":"Cl\u00ednica dental en Montcada i Reixac de la Doctora Minerva.","description":"","potentialAction":[{"@type":"SearchAction","target":{"@type":"EntryPoint","urlTemplate":"https:\/\/doctoraminerva.es\/ca\/?s={search_term_string}"},"query-input":{"@type":"PropertyValueSpecification","valueRequired":true,"valueName":"search_term_string"}}],"inLanguage":"ca"},{"@type":"Person","@id":"https:\/\/doctoraminerva.es\/ca\/#\/schema\/person\/d07a75491c0215611ce5f01c8ce7621f","name":"Minerva","sameAs":["https:\/\/doctoraminerva.es"],"url":"https:\/\/doctoraminerva.es\/ca\/author\/Minerva\/"}]}},"_links":{"self":[{"href":"https:\/\/doctoraminerva.es\/ca\/wp-json\/wp\/v2\/posts\/1318","targetHints":{"allow":["GET"]}}],"collection":[{"href":"https:\/\/doctoraminerva.es\/ca\/wp-json\/wp\/v2\/posts"}],"about":[{"href":"https:\/\/doctoraminerva.es\/ca\/wp-json\/wp\/v2\/types\/post"}],"author":[{"embeddable":true,"href":"https:\/\/doctoraminerva.es\/ca\/wp-json\/wp\/v2\/users\/1"}],"replies":[{"embeddable":true,"href":"https:\/\/doctoraminerva.es\/ca\/wp-json\/wp\/v2\/comments?post=1318"}],"version-history":[{"count":0,"href":"https:\/\/doctoraminerva.es\/ca\/wp-json\/wp\/v2\/posts\/1318\/revisions"}],"wp:featuredmedia":[{"embeddable":true,"href":"https:\/\/doctoraminerva.es\/ca\/wp-json\/wp\/v2\/media\/1040"}],"wp:attachment":[{"href":"https:\/\/doctoraminerva.es\/ca\/wp-json\/wp\/v2\/media?parent=1318"}],"wp:term":[{"taxonomy":"category","embeddable":true,"href":"https:\/\/doctoraminerva.es\/ca\/wp-json\/wp\/v2\/categories?post=1318"},{"taxonomy":"post_tag","embeddable":true,"href":"https:\/\/doctoraminerva.es\/ca\/wp-json\/wp\/v2\/tags?post=1318"}],"curies":[{"name":"wp","href":"https:\/\/api.w.org\/{rel}","templated":true}]}}