{"id":1312,"date":"2021-03-02T18:16:12","date_gmt":"2021-03-02T17:16:12","guid":{"rendered":"https:\/\/doctoraminerva.es\/odontologia-preventiva\/"},"modified":"2025-09-09T17:35:08","modified_gmt":"2025-09-09T15:35:08","slug":"odontologia-preventiva","status":"publish","type":"post","link":"https:\/\/doctoraminerva.es\/ca\/odontologia-preventiva\/","title":{"rendered":"Odontologia preventiva"},"content":{"rendered":"<div class=\"fusion-fullwidth fullwidth-box fusion-builder-row-1 fusion-flex-container has-pattern-background has-mask-background nonhundred-percent-fullwidth non-hundred-percent-height-scrolling\" style=\"--link_color: var(--awb-color4);--awb-border-radius-top-left:0px;--awb-border-radius-top-right:0px;--awb-border-radius-bottom-right:0px;--awb-border-radius-bottom-left:0px;--awb-flex-wrap:wrap;\" ><div class=\"fusion-builder-row fusion-row fusion-flex-align-items-flex-start fusion-flex-content-wrap\" style=\"max-width:1508px;margin-left: calc(-4% \/ 2 );margin-right: calc(-4% \/ 2 );\"><div class=\"fusion-layout-column fusion_builder_column fusion-builder-column-0 fusion_builder_column_1_1 1_1 fusion-flex-column\" style=\"--awb-bg-size:cover;--awb-width-large:100%;--awb-margin-top-large:0px;--awb-spacing-right-large:1.92%;--awb-margin-bottom-large:20px;--awb-spacing-left-large:1.92%;--awb-width-medium:100%;--awb-order-medium:0;--awb-spacing-right-medium:1.92%;--awb-spacing-left-medium:1.92%;--awb-width-small:100%;--awb-order-small:0;--awb-spacing-right-small:1.92%;--awb-spacing-left-small:1.92%;\"><div class=\"fusion-column-wrapper fusion-column-has-shadow fusion-flex-justify-content-flex-start fusion-content-layout-column\"><div class=\"fusion-text fusion-text-1\" style=\"--awb-font-size:var(--awb-typography4-font-size);--awb-line-height:var(--awb-typography4-line-height);--awb-letter-spacing:var(--awb-typography4-letter-spacing);--awb-text-transform:var(--awb-typography4-text-transform);--awb-text-color:var(--awb-color6);--awb-text-font-family:var(--awb-typography4-font-family);--awb-text-font-weight:var(--awb-typography4-font-weight);--awb-text-font-style:var(--awb-typography4-font-style);\"><p>Perqu\u00e8 m\u00e9s val prevenir que curar, la millor manera de fer-ho \u00e9s seguir una s\u00e8rie de recomanacions que expliquem a continuaci\u00f3. A m\u00e9s, no haur\u00e0s d\u00b4invertir en tractaments odontol\u00f2gics m\u00e9s complexes i costosos per recuperar la salut de la teva boca. Quines pautes puc seguir per prevenir?<\/p>\n<\/div><div class=\"fusion-title title fusion-title-1 fusion-sep-none fusion-title-text fusion-title-size-three\" style=\"--awb-text-color:var(--awb-color6);--awb-margin-top-small:10px;--awb-margin-right-small:0px;--awb-margin-bottom-small:10px;--awb-margin-left-small:0px;--awb-font-size:var(--awb-typography5-font-size);\"><h3 class=\"fusion-title-heading title-heading-left fusion-responsive-typography-calculated\" style=\"font-family:var(--awb-typography5-font-family);font-weight:var(--awb-typography5-font-weight);font-style:var(--awb-typography5-font-style);margin:0;letter-spacing:var(--awb-typography5-letter-spacing);text-transform:var(--awb-typography5-text-transform);font-size:1em;--fontSize:21;--minFontSize:21;line-height:var(--awb-typography5-line-height);\">3 pautes b\u00e0siques a odontologia preventiva<\/h3><\/div><div class=\"fusion-text fusion-text-2\" style=\"--awb-font-size:var(--awb-typography4-font-size);--awb-line-height:var(--awb-typography4-line-height);--awb-letter-spacing:var(--awb-typography4-letter-spacing);--awb-text-transform:var(--awb-typography4-text-transform);--awb-text-color:var(--awb-color6);--awb-text-font-family:var(--awb-typography4-font-family);--awb-text-font-weight:var(--awb-typography4-font-weight);--awb-text-font-style:var(--awb-typography4-font-style);\"><p><strong>Tenir una bona higiene oral.<\/strong> Existeixen moltes t\u00e8cniques de raspallat, per\u00f2 la que est\u00e0 considerada pels dentistes com la m\u00e9s recomanada y efectiva, sobretot pels pacients periodontals, es la t\u00e8cnica de Bass Modificada, ja que permet netejar amb m\u00e9s profunditat els solcs gingivals. Aquesta t\u00e9cnica consisteix en col.locar el raspall en un angle de 45 graus respecte l\u00b4eix de la dent penetrant lleugerament en el marge entre la dent i la geniva. A continuaci\u00f3, es realitzen moviments vibratoris curts i finalment es fa un moviment vertical cap a la cara masticat\u00f2ria de la dent, que ser\u00e0 raspallada en \u00faltim lloc al igual que la llengua.<\/p>\n<p>\u00c9s important el raspallat un m\u00ednim de 3 cops al dia, complementant-lo amb l\u00b4\u00fas de fil dental y raspalls interdentals, ja que aquests permeten eliminar les restes d\u00b4aliments acumulats entre les dents, on el raspall no \u00e9s capa\u00e7 d\u00b4arribar.<\/p>\n<\/div><\/div><\/div><div class=\"fusion-layout-column fusion_builder_column fusion-builder-column-1 fusion_builder_column_1_2 1_2 fusion-flex-column\" style=\"--awb-bg-size:cover;--awb-width-large:50%;--awb-margin-top-large:0px;--awb-spacing-right-large:3.84%;--awb-margin-bottom-large:20px;--awb-spacing-left-large:3.84%;--awb-width-medium:50%;--awb-order-medium:0;--awb-spacing-right-medium:3.84%;--awb-spacing-left-medium:3.84%;--awb-width-small:100%;--awb-order-small:0;--awb-spacing-right-small:1.92%;--awb-spacing-left-small:1.92%;\"><div class=\"fusion-column-wrapper fusion-column-has-shadow fusion-flex-justify-content-flex-start fusion-content-layout-column\"><div class=\"fusion-text fusion-text-3\" style=\"--awb-font-size:var(--awb-typography4-font-size);--awb-line-height:var(--awb-typography4-line-height);--awb-letter-spacing:var(--awb-typography4-letter-spacing);--awb-text-transform:var(--awb-typography4-text-transform);--awb-text-color:var(--awb-color6);--awb-text-font-family:var(--awb-typography4-font-family);--awb-text-font-weight:var(--awb-typography4-font-weight);--awb-text-font-style:var(--awb-typography4-font-style);\"><p><strong>Revisions dentals almenys dos cops l\u00b4any <\/strong>per detectar problemas a temps, aix\u00ed ser\u00e1 m\u00e9s f\u00e1cil solucionar-los d\u00b4una manera m\u00e9s conservadora.<\/p>\n<p><strong>Seguir una dieta variada i saludable.<\/strong> Consumeix aliments rics en vitamines, calci, ferro i menerals i evita dol\u00e7os, menjars amb un alt nivel de sodi o greixos i les begudes carbonatades.<\/p>\n<p>Tenir en compte aquestes 3 pautes clau a<a href=\"https:\/\/doctoraminerva.es\/ca\/odontologia-preventiva\/\"> odontologia preventiva<\/a> dep\u00e8n de tu. Per la nostra banda, a Doctora Minerva portem a terme t\u00e8cniques no invasives i fem una revisi\u00f3 peri\u00f2dica de la higiene oral per assegurar els millors resultats.<\/p>\n<p><a href=\"\/ca\/contacte\/\">Contacta\u2019ns <\/a>sense comprom\u00eds omplint el formulari web, per e-mail o via telef\u00f2nica.<\/p>\n<\/div><\/div><\/div><div class=\"fusion-layout-column fusion_builder_column fusion-builder-column-2 fusion_builder_column_1_2 1_2 fusion-flex-column\" style=\"--awb-bg-size:cover;--awb-width-large:50%;--awb-margin-top-large:0px;--awb-spacing-right-large:3.84%;--awb-margin-bottom-large:20px;--awb-spacing-left-large:3.84%;--awb-width-medium:50%;--awb-order-medium:0;--awb-spacing-right-medium:3.84%;--awb-spacing-left-medium:3.84%;--awb-width-small:100%;--awb-order-small:0;--awb-spacing-right-small:1.92%;--awb-spacing-left-small:1.92%;\"><div class=\"fusion-column-wrapper fusion-column-has-shadow fusion-flex-justify-content-flex-start fusion-content-layout-column\"><div class=\"fusion-image-element \" style=\"--awb-caption-title-font-family:var(--h2_typography-font-family);--awb-caption-title-font-weight:var(--h2_typography-font-weight);--awb-caption-title-font-style:var(--h2_typography-font-style);--awb-caption-title-size:var(--h2_typography-font-size);--awb-caption-title-transform:var(--h2_typography-text-transform);--awb-caption-title-line-height:var(--h2_typography-line-height);--awb-caption-title-letter-spacing:var(--h2_typography-letter-spacing);\"><span class=\" fusion-imageframe imageframe-none imageframe-1 hover-type-none\"><img decoding=\"async\" width=\"500\" height=\"350\" alt=\"Odontologia preventiva\" title=\"odontologia-preventiva-art\" src=\"https:\/\/doctoraminerva.es\/wp-content\/uploads\/odontologia-preventiva-art.jpg\" class=\"img-responsive wp-image-1029\" srcset=\"https:\/\/doctoraminerva.es\/wp-content\/uploads\/odontologia-preventiva-art-200x140.jpg 200w, https:\/\/doctoraminerva.es\/wp-content\/uploads\/odontologia-preventiva-art-400x280.jpg 400w, https:\/\/doctoraminerva.es\/wp-content\/uploads\/odontologia-preventiva-art.jpg 500w\" sizes=\"(max-width: 780px) 100vw, 500px\" \/><\/span><\/div><\/div><\/div><\/div><\/div>\n","protected":false},"excerpt":{"rendered":"","protected":false},"author":1,"featured_media":1029,"comment_status":"closed","ping_status":"closed","sticky":false,"template":"","format":"standard","meta":{"footnotes":""},"categories":[30],"tags":[],"class_list":["post-1312","post","type-post","status-publish","format-standard","has-post-thumbnail","hentry","category-noticies"],"yoast_head":"<!-- This site is optimized with the Yoast SEO plugin v27.4 - https:\/\/yoast.com\/product\/yoast-seo-wordpress\/ -->\n<title>Odontolog\u00eda preventiva - Blog de Doctora Minerva<\/title>\n<meta name=\"description\" content=\"Perqu\u00e8 m\u00e9s val prevenir que curar, la millor manera de fer-ho \u00e9s seguir una s\u00e8rie de recomanacions sobre odontologia preventiva.\" \/>\n<meta name=\"robots\" content=\"index, follow, max-snippet:-1, max-image-preview:large, max-video-preview:-1\" \/>\n<link rel=\"canonical\" href=\"https:\/\/doctoraminerva.es\/ca\/odontologia-preventiva\/\" \/>\n<meta property=\"og:locale\" content=\"ca_ES\" \/>\n<meta property=\"og:type\" content=\"article\" \/>\n<meta property=\"og:title\" content=\"Odontolog\u00eda preventiva - Blog de Doctora Minerva\" \/>\n<meta property=\"og:description\" content=\"Perqu\u00e8 m\u00e9s val prevenir que curar, la millor manera de fer-ho \u00e9s seguir una s\u00e8rie de recomanacions sobre odontologia preventiva.\" \/>\n<meta property=\"og:url\" content=\"https:\/\/doctoraminerva.es\/ca\/odontologia-preventiva\/\" \/>\n<meta property=\"og:site_name\" content=\"Cl\u00ednica dental en Montcada i Reixac de la Doctora Minerva.\" \/>\n<meta property=\"article:published_time\" content=\"2021-03-02T17:16:12+00:00\" \/>\n<meta property=\"article:modified_time\" content=\"2025-09-09T15:35:08+00:00\" \/>\n<meta property=\"og:image\" content=\"https:\/\/doctoraminerva.es\/wp-content\/uploads\/odontologia-preventiva-art.jpg\" \/>\n\t<meta property=\"og:image:width\" content=\"500\" \/>\n\t<meta property=\"og:image:height\" content=\"350\" \/>\n\t<meta property=\"og:image:type\" content=\"image\/jpeg\" \/>\n<meta name=\"author\" content=\"Minerva\" \/>\n<meta name=\"twitter:card\" content=\"summary_large_image\" \/>\n<meta name=\"twitter:label1\" content=\"Escrit per\" \/>\n\t<meta name=\"twitter:data1\" content=\"Minerva\" \/>\n\t<meta name=\"twitter:label2\" content=\"Temps estimat de lectura\" \/>\n\t<meta name=\"twitter:data2\" content=\"15 minuts\" \/>\n<script type=\"application\/ld+json\" class=\"yoast-schema-graph\">{\"@context\":\"https:\\\/\\\/schema.org\",\"@graph\":[{\"@type\":\"Article\",\"@id\":\"https:\\\/\\\/doctoraminerva.es\\\/ca\\\/odontologia-preventiva\\\/#article\",\"isPartOf\":{\"@id\":\"https:\\\/\\\/doctoraminerva.es\\\/ca\\\/odontologia-preventiva\\\/\"},\"author\":{\"name\":\"Minerva\",\"@id\":\"https:\\\/\\\/doctoraminerva.es\\\/ca\\\/#\\\/schema\\\/person\\\/d07a75491c0215611ce5f01c8ce7621f\"},\"headline\":\"Odontologia preventiva\",\"datePublished\":\"2021-03-02T17:16:12+00:00\",\"dateModified\":\"2025-09-09T15:35:08+00:00\",\"mainEntityOfPage\":{\"@id\":\"https:\\\/\\\/doctoraminerva.es\\\/ca\\\/odontologia-preventiva\\\/\"},\"wordCount\":3040,\"image\":{\"@id\":\"https:\\\/\\\/doctoraminerva.es\\\/ca\\\/odontologia-preventiva\\\/#primaryimage\"},\"thumbnailUrl\":\"https:\\\/\\\/doctoraminerva.es\\\/wp-content\\\/uploads\\\/odontologia-preventiva-art.jpg\",\"articleSection\":[\"not\u00edcies\"],\"inLanguage\":\"ca\"},{\"@type\":\"WebPage\",\"@id\":\"https:\\\/\\\/doctoraminerva.es\\\/ca\\\/odontologia-preventiva\\\/\",\"url\":\"https:\\\/\\\/doctoraminerva.es\\\/ca\\\/odontologia-preventiva\\\/\",\"name\":\"Odontolog\u00eda preventiva - Blog de Doctora Minerva\",\"isPartOf\":{\"@id\":\"https:\\\/\\\/doctoraminerva.es\\\/ca\\\/#website\"},\"primaryImageOfPage\":{\"@id\":\"https:\\\/\\\/doctoraminerva.es\\\/ca\\\/odontologia-preventiva\\\/#primaryimage\"},\"image\":{\"@id\":\"https:\\\/\\\/doctoraminerva.es\\\/ca\\\/odontologia-preventiva\\\/#primaryimage\"},\"thumbnailUrl\":\"https:\\\/\\\/doctoraminerva.es\\\/wp-content\\\/uploads\\\/odontologia-preventiva-art.jpg\",\"datePublished\":\"2021-03-02T17:16:12+00:00\",\"dateModified\":\"2025-09-09T15:35:08+00:00\",\"author\":{\"@id\":\"https:\\\/\\\/doctoraminerva.es\\\/ca\\\/#\\\/schema\\\/person\\\/d07a75491c0215611ce5f01c8ce7621f\"},\"description\":\"Perqu\u00e8 m\u00e9s val prevenir que curar, la millor manera de fer-ho \u00e9s seguir una s\u00e8rie de recomanacions sobre odontologia preventiva.\",\"breadcrumb\":{\"@id\":\"https:\\\/\\\/doctoraminerva.es\\\/ca\\\/odontologia-preventiva\\\/#breadcrumb\"},\"inLanguage\":\"ca\",\"potentialAction\":[{\"@type\":\"ReadAction\",\"target\":[\"https:\\\/\\\/doctoraminerva.es\\\/ca\\\/odontologia-preventiva\\\/\"]}]},{\"@type\":\"ImageObject\",\"inLanguage\":\"ca\",\"@id\":\"https:\\\/\\\/doctoraminerva.es\\\/ca\\\/odontologia-preventiva\\\/#primaryimage\",\"url\":\"https:\\\/\\\/doctoraminerva.es\\\/wp-content\\\/uploads\\\/odontologia-preventiva-art.jpg\",\"contentUrl\":\"https:\\\/\\\/doctoraminerva.es\\\/wp-content\\\/uploads\\\/odontologia-preventiva-art.jpg\",\"width\":500,\"height\":350,\"caption\":\"Odontolog\u00eda preventiva\"},{\"@type\":\"BreadcrumbList\",\"@id\":\"https:\\\/\\\/doctoraminerva.es\\\/ca\\\/odontologia-preventiva\\\/#breadcrumb\",\"itemListElement\":[{\"@type\":\"ListItem\",\"position\":1,\"name\":\"Inici\",\"item\":\"https:\\\/\\\/doctoraminerva.es\\\/ca\\\/\"},{\"@type\":\"ListItem\",\"position\":2,\"name\":\"Odontologia preventiva\"}]},{\"@type\":\"WebSite\",\"@id\":\"https:\\\/\\\/doctoraminerva.es\\\/ca\\\/#website\",\"url\":\"https:\\\/\\\/doctoraminerva.es\\\/ca\\\/\",\"name\":\"Cl\u00ednica dental en Montcada i Reixac de la Doctora Minerva.\",\"description\":\"\",\"potentialAction\":[{\"@type\":\"SearchAction\",\"target\":{\"@type\":\"EntryPoint\",\"urlTemplate\":\"https:\\\/\\\/doctoraminerva.es\\\/ca\\\/?s={search_term_string}\"},\"query-input\":{\"@type\":\"PropertyValueSpecification\",\"valueRequired\":true,\"valueName\":\"search_term_string\"}}],\"inLanguage\":\"ca\"},{\"@type\":\"Person\",\"@id\":\"https:\\\/\\\/doctoraminerva.es\\\/ca\\\/#\\\/schema\\\/person\\\/d07a75491c0215611ce5f01c8ce7621f\",\"name\":\"Minerva\",\"sameAs\":[\"https:\\\/\\\/doctoraminerva.es\"],\"url\":\"https:\\\/\\\/doctoraminerva.es\\\/ca\\\/author\\\/Minerva\\\/\"}]}<\/script>\n<!-- \/ Yoast SEO plugin. -->","yoast_head_json":{"title":"Odontolog\u00eda preventiva - Blog de Doctora Minerva","description":"Perqu\u00e8 m\u00e9s val prevenir que curar, la millor manera de fer-ho \u00e9s seguir una s\u00e8rie de recomanacions sobre odontologia preventiva.","robots":{"index":"index","follow":"follow","max-snippet":"max-snippet:-1","max-image-preview":"max-image-preview:large","max-video-preview":"max-video-preview:-1"},"canonical":"https:\/\/doctoraminerva.es\/ca\/odontologia-preventiva\/","og_locale":"ca_ES","og_type":"article","og_title":"Odontolog\u00eda preventiva - Blog de Doctora Minerva","og_description":"Perqu\u00e8 m\u00e9s val prevenir que curar, la millor manera de fer-ho \u00e9s seguir una s\u00e8rie de recomanacions sobre odontologia preventiva.","og_url":"https:\/\/doctoraminerva.es\/ca\/odontologia-preventiva\/","og_site_name":"Cl\u00ednica dental en Montcada i Reixac de la Doctora Minerva.","article_published_time":"2021-03-02T17:16:12+00:00","article_modified_time":"2025-09-09T15:35:08+00:00","og_image":[{"width":500,"height":350,"url":"https:\/\/doctoraminerva.es\/wp-content\/uploads\/odontologia-preventiva-art.jpg","type":"image\/jpeg"}],"author":"Minerva","twitter_card":"summary_large_image","twitter_misc":{"Escrit per":"Minerva","Temps estimat de lectura":"15 minuts"},"schema":{"@context":"https:\/\/schema.org","@graph":[{"@type":"Article","@id":"https:\/\/doctoraminerva.es\/ca\/odontologia-preventiva\/#article","isPartOf":{"@id":"https:\/\/doctoraminerva.es\/ca\/odontologia-preventiva\/"},"author":{"name":"Minerva","@id":"https:\/\/doctoraminerva.es\/ca\/#\/schema\/person\/d07a75491c0215611ce5f01c8ce7621f"},"headline":"Odontologia preventiva","datePublished":"2021-03-02T17:16:12+00:00","dateModified":"2025-09-09T15:35:08+00:00","mainEntityOfPage":{"@id":"https:\/\/doctoraminerva.es\/ca\/odontologia-preventiva\/"},"wordCount":3040,"image":{"@id":"https:\/\/doctoraminerva.es\/ca\/odontologia-preventiva\/#primaryimage"},"thumbnailUrl":"https:\/\/doctoraminerva.es\/wp-content\/uploads\/odontologia-preventiva-art.jpg","articleSection":["not\u00edcies"],"inLanguage":"ca"},{"@type":"WebPage","@id":"https:\/\/doctoraminerva.es\/ca\/odontologia-preventiva\/","url":"https:\/\/doctoraminerva.es\/ca\/odontologia-preventiva\/","name":"Odontolog\u00eda preventiva - Blog de Doctora Minerva","isPartOf":{"@id":"https:\/\/doctoraminerva.es\/ca\/#website"},"primaryImageOfPage":{"@id":"https:\/\/doctoraminerva.es\/ca\/odontologia-preventiva\/#primaryimage"},"image":{"@id":"https:\/\/doctoraminerva.es\/ca\/odontologia-preventiva\/#primaryimage"},"thumbnailUrl":"https:\/\/doctoraminerva.es\/wp-content\/uploads\/odontologia-preventiva-art.jpg","datePublished":"2021-03-02T17:16:12+00:00","dateModified":"2025-09-09T15:35:08+00:00","author":{"@id":"https:\/\/doctoraminerva.es\/ca\/#\/schema\/person\/d07a75491c0215611ce5f01c8ce7621f"},"description":"Perqu\u00e8 m\u00e9s val prevenir que curar, la millor manera de fer-ho \u00e9s seguir una s\u00e8rie de recomanacions sobre odontologia preventiva.","breadcrumb":{"@id":"https:\/\/doctoraminerva.es\/ca\/odontologia-preventiva\/#breadcrumb"},"inLanguage":"ca","potentialAction":[{"@type":"ReadAction","target":["https:\/\/doctoraminerva.es\/ca\/odontologia-preventiva\/"]}]},{"@type":"ImageObject","inLanguage":"ca","@id":"https:\/\/doctoraminerva.es\/ca\/odontologia-preventiva\/#primaryimage","url":"https:\/\/doctoraminerva.es\/wp-content\/uploads\/odontologia-preventiva-art.jpg","contentUrl":"https:\/\/doctoraminerva.es\/wp-content\/uploads\/odontologia-preventiva-art.jpg","width":500,"height":350,"caption":"Odontolog\u00eda preventiva"},{"@type":"BreadcrumbList","@id":"https:\/\/doctoraminerva.es\/ca\/odontologia-preventiva\/#breadcrumb","itemListElement":[{"@type":"ListItem","position":1,"name":"Inici","item":"https:\/\/doctoraminerva.es\/ca\/"},{"@type":"ListItem","position":2,"name":"Odontologia preventiva"}]},{"@type":"WebSite","@id":"https:\/\/doctoraminerva.es\/ca\/#website","url":"https:\/\/doctoraminerva.es\/ca\/","name":"Cl\u00ednica dental en Montcada i Reixac de la Doctora Minerva.","description":"","potentialAction":[{"@type":"SearchAction","target":{"@type":"EntryPoint","urlTemplate":"https:\/\/doctoraminerva.es\/ca\/?s={search_term_string}"},"query-input":{"@type":"PropertyValueSpecification","valueRequired":true,"valueName":"search_term_string"}}],"inLanguage":"ca"},{"@type":"Person","@id":"https:\/\/doctoraminerva.es\/ca\/#\/schema\/person\/d07a75491c0215611ce5f01c8ce7621f","name":"Minerva","sameAs":["https:\/\/doctoraminerva.es"],"url":"https:\/\/doctoraminerva.es\/ca\/author\/Minerva\/"}]}},"_links":{"self":[{"href":"https:\/\/doctoraminerva.es\/ca\/wp-json\/wp\/v2\/posts\/1312","targetHints":{"allow":["GET"]}}],"collection":[{"href":"https:\/\/doctoraminerva.es\/ca\/wp-json\/wp\/v2\/posts"}],"about":[{"href":"https:\/\/doctoraminerva.es\/ca\/wp-json\/wp\/v2\/types\/post"}],"author":[{"embeddable":true,"href":"https:\/\/doctoraminerva.es\/ca\/wp-json\/wp\/v2\/users\/1"}],"replies":[{"embeddable":true,"href":"https:\/\/doctoraminerva.es\/ca\/wp-json\/wp\/v2\/comments?post=1312"}],"version-history":[{"count":0,"href":"https:\/\/doctoraminerva.es\/ca\/wp-json\/wp\/v2\/posts\/1312\/revisions"}],"wp:featuredmedia":[{"embeddable":true,"href":"https:\/\/doctoraminerva.es\/ca\/wp-json\/wp\/v2\/media\/1029"}],"wp:attachment":[{"href":"https:\/\/doctoraminerva.es\/ca\/wp-json\/wp\/v2\/media?parent=1312"}],"wp:term":[{"taxonomy":"category","embeddable":true,"href":"https:\/\/doctoraminerva.es\/ca\/wp-json\/wp\/v2\/categories?post=1312"},{"taxonomy":"post_tag","embeddable":true,"href":"https:\/\/doctoraminerva.es\/ca\/wp-json\/wp\/v2\/tags?post=1312"}],"curies":[{"name":"wp","href":"https:\/\/api.w.org\/{rel}","templated":true}]}}