{"id":1306,"date":"2021-05-03T18:04:48","date_gmt":"2021-05-03T16:04:48","guid":{"rendered":"https:\/\/doctoraminerva.es\/malalties-dentals-infantils-mes-comuns-i-com-detectar-les\/"},"modified":"2025-10-02T11:53:08","modified_gmt":"2025-10-02T09:53:08","slug":"malalties-dentals-infantils-mes-comuns-i-com-detectar-les","status":"publish","type":"post","link":"https:\/\/doctoraminerva.es\/ca\/malalties-dentals-infantils-mes-comuns-i-com-detectar-les\/","title":{"rendered":"Malalties dentals infantils m\u00e9s comuns i com detectar-les"},"content":{"rendered":"<div class=\"fusion-fullwidth fullwidth-box fusion-builder-row-1 fusion-flex-container has-pattern-background has-mask-background nonhundred-percent-fullwidth non-hundred-percent-height-scrolling\" style=\"--link_color: var(--awb-color4);--awb-border-radius-top-left:0px;--awb-border-radius-top-right:0px;--awb-border-radius-bottom-right:0px;--awb-border-radius-bottom-left:0px;--awb-flex-wrap:wrap;\" ><div class=\"fusion-builder-row fusion-row fusion-flex-align-items-flex-start fusion-flex-content-wrap\" style=\"max-width:1508px;margin-left: calc(-4% \/ 2 );margin-right: calc(-4% \/ 2 );\"><div class=\"fusion-layout-column fusion_builder_column fusion-builder-column-0 fusion_builder_column_1_1 1_1 fusion-flex-column\" style=\"--awb-bg-size:cover;--awb-width-large:100%;--awb-margin-top-large:0px;--awb-spacing-right-large:1.92%;--awb-margin-bottom-large:20px;--awb-spacing-left-large:1.92%;--awb-width-medium:100%;--awb-order-medium:0;--awb-spacing-right-medium:1.92%;--awb-spacing-left-medium:1.92%;--awb-width-small:100%;--awb-order-small:0;--awb-spacing-right-small:1.92%;--awb-spacing-left-small:1.92%;\"><div class=\"fusion-column-wrapper fusion-column-has-shadow fusion-flex-justify-content-flex-start fusion-content-layout-column\"><div class=\"fusion-title title fusion-title-1 fusion-sep-none fusion-title-text fusion-title-size-three\" style=\"--awb-text-color:var(--awb-color6);--awb-margin-top-small:10px;--awb-margin-right-small:0px;--awb-margin-bottom-small:10px;--awb-margin-left-small:0px;--awb-font-size:var(--awb-typography5-font-size);\"><h3 class=\"fusion-title-heading title-heading-left fusion-responsive-typography-calculated\" style=\"font-family:var(--awb-typography5-font-family);font-weight:var(--awb-typography5-font-weight);font-style:var(--awb-typography5-font-style);margin:0;letter-spacing:var(--awb-typography5-letter-spacing);text-transform:var(--awb-typography5-text-transform);font-size:1em;--fontSize:21;--minFontSize:21;line-height:var(--awb-typography5-line-height);\">C\u00e0ries<\/h3><\/div><div class=\"fusion-text fusion-text-1\" style=\"--awb-font-size:var(--awb-typography4-font-size);--awb-line-height:var(--awb-typography4-line-height);--awb-letter-spacing:var(--awb-typography4-letter-spacing);--awb-text-transform:var(--awb-typography4-text-transform);--awb-text-color:var(--awb-color6);--awb-text-font-family:var(--awb-typography4-font-family);--awb-text-font-weight:var(--awb-typography4-font-weight);--awb-text-font-style:var(--awb-typography4-font-style);\"><p>\u00c9s la malaltia dental per excel\u00b7l\u00e8ncia en qualsevol edat. <strong>Apareix pel consum de sucres <\/strong>(biber\u00f3, dol\u00e7os com a sucs, llaminadures, etc) i un <strong>mal raspallat<\/strong>. Poden detectar-se com a taques o forats de color m\u00e9s fosc que alteren l\u2019estructura de la dent. En un estat avan\u00e7at poden implicar problemes al nervi de la dent (sigui de llet o definitiu) causant dolor, infecci\u00f3 i fins i tot la p\u00e8rdua de dents.<\/p>\n<p>Els pares han de netejar les genives del nad\u00f3 amb una gasa humida per a evitar que apareguin c\u00e0ries al sortir les dents. Fins als tres anys i des de la sortida de les primeres dents, hauria d\u2019utilitzar-se un raspall de dents infantil amb una quantitat petita de pasta fluorada.<\/p>\n<p>\u00c9s important saber que <strong>les dents de llet serveixen per a mantenir l\u2019oclusi\u00f3, per a mastegar i fins i tot tenen un paper est\u00e8tic en els nens.<\/strong> Si perdem aquestes dents temporals \u00e9s com\u00fa desenvolupar malposicions dentals perqu\u00e8 les altres es mouen intentant tancar de manera incorrecta aquests espais.<\/p>\n<p>La c\u00e0ries<strong> tamb\u00e9 es desenvolupa entre les dents<\/strong>, per aix\u00f2 \u00e9s imprescindible la utilitzaci\u00f3, per part dels pares, del fil dental.<\/p>\n<\/div><div class=\"fusion-title title fusion-title-2 fusion-sep-none fusion-title-text fusion-title-size-three\" style=\"--awb-text-color:var(--awb-color6);--awb-margin-top-small:10px;--awb-margin-right-small:0px;--awb-margin-bottom-small:10px;--awb-margin-left-small:0px;--awb-font-size:var(--awb-typography5-font-size);\"><h3 class=\"fusion-title-heading title-heading-left fusion-responsive-typography-calculated\" style=\"font-family:var(--awb-typography5-font-family);font-weight:var(--awb-typography5-font-weight);font-style:var(--awb-typography5-font-style);margin:0;letter-spacing:var(--awb-typography5-letter-spacing);text-transform:var(--awb-typography5-text-transform);font-size:1em;--fontSize:21;--minFontSize:21;line-height:var(--awb-typography5-line-height);\">Gingivitis<\/h3><\/div><div class=\"fusion-text fusion-text-2\" style=\"--awb-font-size:var(--awb-typography4-font-size);--awb-line-height:var(--awb-typography4-line-height);--awb-letter-spacing:var(--awb-typography4-letter-spacing);--awb-text-transform:var(--awb-typography4-text-transform);--awb-text-color:var(--awb-color6);--awb-text-font-family:var(--awb-typography4-font-family);--awb-text-font-weight:var(--awb-typography4-font-weight);--awb-text-font-style:var(--awb-typography4-font-style);\"><p>La inflamaci\u00f3 de les genives sol relacionar-se amb els pacients adults per\u00f2 al voltant d\u2019un 50% de nens tendeix a presentar gingivitis. Es produeix a causa de l\u2019<strong>acumulaci\u00f3 de placa bacteriana.<\/strong><\/p>\n<p>\u00c9s important supervisar el raspallat (i fins i tot raspallar als nens fins als 6 anys) i repassar-ho, si cal.<\/p>\n<p>Cal dir que quan erupcionen les dents, els nens tendeixen a no raspallar correctament la zona perqu\u00e8 pot ser molest a causa del moviment de les dents de llet i el creixement de les dents definitives.<\/p>\n<p>La gingivitis<strong> es pot detectar per la inflamaci\u00f3, envermelliment i fins i tot sagnat de les genives.<\/strong><\/p>\n<\/div><\/div><\/div><div class=\"fusion-layout-column fusion_builder_column fusion-builder-column-1 fusion_builder_column_1_2 1_2 fusion-flex-column\" style=\"--awb-bg-size:cover;--awb-width-large:50%;--awb-margin-top-large:0px;--awb-spacing-right-large:3.84%;--awb-margin-bottom-large:20px;--awb-spacing-left-large:3.84%;--awb-width-medium:50%;--awb-order-medium:0;--awb-spacing-right-medium:3.84%;--awb-spacing-left-medium:3.84%;--awb-width-small:100%;--awb-order-small:0;--awb-spacing-right-small:1.92%;--awb-spacing-left-small:1.92%;\"><div class=\"fusion-column-wrapper fusion-column-has-shadow fusion-flex-justify-content-flex-start fusion-content-layout-column\"><div class=\"fusion-title title fusion-title-3 fusion-sep-none fusion-title-text fusion-title-size-three\" style=\"--awb-text-color:var(--awb-color6);--awb-margin-top-small:10px;--awb-margin-right-small:0px;--awb-margin-bottom-small:10px;--awb-margin-left-small:0px;--awb-font-size:var(--awb-typography5-font-size);\"><h3 class=\"fusion-title-heading title-heading-left fusion-responsive-typography-calculated\" style=\"font-family:var(--awb-typography5-font-family);font-weight:var(--awb-typography5-font-weight);font-style:var(--awb-typography5-font-style);margin:0;letter-spacing:var(--awb-typography5-letter-spacing);text-transform:var(--awb-typography5-text-transform);font-size:1em;--fontSize:21;--minFontSize:21;line-height:var(--awb-typography5-line-height);\">Malposicions dentals<\/h3><\/div><div class=\"fusion-text fusion-text-3\" style=\"--awb-font-size:var(--awb-typography4-font-size);--awb-line-height:var(--awb-typography4-line-height);--awb-letter-spacing:var(--awb-typography4-letter-spacing);--awb-text-transform:var(--awb-typography4-text-transform);--awb-text-color:var(--awb-color6);--awb-text-font-family:var(--awb-typography4-font-family);--awb-text-font-weight:var(--awb-typography4-font-weight);--awb-text-font-style:var(--awb-typography4-font-style);\"><p>Encara que els coneguts brackets no es col\u00b7loquen fins aproximadament els 13 anys, quan ja han erupcionat totes les dents definitives, podem detectar problemes d\u2019oclusi\u00f3 en edats m\u00e9s primerenques que podem corregir amb una altra mena d\u2019aparatologia.<\/p>\n<p><strong>Els traumatismes, el desenvolupament desigual dels maxil\u00b7lars, l\u2019\u00fas de xumets o h\u00e0bits com xuclar-se el dit poden produir problemes en la posici\u00f3 de les dents..<\/strong><\/p>\n<p>\u00c9s important detectar aquests problemes i abordar-los com m\u00e9s aviat millor a fi de<strong> solucionar els futurs problemes que aix\u00f2 pot implicar.<\/strong><\/p>\n<\/div><\/div><\/div><div class=\"fusion-layout-column fusion_builder_column fusion-builder-column-2 fusion_builder_column_1_2 1_2 fusion-flex-column\" style=\"--awb-bg-size:cover;--awb-width-large:50%;--awb-margin-top-large:0px;--awb-spacing-right-large:3.84%;--awb-margin-bottom-large:20px;--awb-spacing-left-large:3.84%;--awb-width-medium:50%;--awb-order-medium:0;--awb-spacing-right-medium:3.84%;--awb-spacing-left-medium:3.84%;--awb-width-small:100%;--awb-order-small:0;--awb-spacing-right-small:1.92%;--awb-spacing-left-small:1.92%;\"><div class=\"fusion-column-wrapper fusion-column-has-shadow fusion-flex-justify-content-flex-start fusion-content-layout-column\"><div class=\"fusion-image-element \" style=\"--awb-caption-title-font-family:var(--h2_typography-font-family);--awb-caption-title-font-weight:var(--h2_typography-font-weight);--awb-caption-title-font-style:var(--h2_typography-font-style);--awb-caption-title-size:var(--h2_typography-font-size);--awb-caption-title-transform:var(--h2_typography-text-transform);--awb-caption-title-line-height:var(--h2_typography-line-height);--awb-caption-title-letter-spacing:var(--h2_typography-letter-spacing);\"><span class=\" fusion-imageframe imageframe-none imageframe-1 hover-type-none\"><img decoding=\"async\" width=\"600\" height=\"446\" alt=\"Malposicions dentals\" title=\"enfermedades-dentales-infantiles-mas-comunes-y-como-detectarlas_x\" src=\"https:\/\/doctoraminerva.es\/wp-content\/uploads\/enfermedades-dentales-infantiles-mas-comunes-y-como-detectarlas_x.webp\" class=\"img-responsive wp-image-1018\" srcset=\"https:\/\/doctoraminerva.es\/wp-content\/uploads\/enfermedades-dentales-infantiles-mas-comunes-y-como-detectarlas_x-200x149.webp 200w, https:\/\/doctoraminerva.es\/wp-content\/uploads\/enfermedades-dentales-infantiles-mas-comunes-y-como-detectarlas_x-400x297.webp 400w, https:\/\/doctoraminerva.es\/wp-content\/uploads\/enfermedades-dentales-infantiles-mas-comunes-y-como-detectarlas_x.webp 600w\" sizes=\"(max-width: 780px) 100vw, 600px\" \/><\/span><\/div><\/div><\/div><div class=\"fusion-layout-column fusion_builder_column fusion-builder-column-3 fusion_builder_column_1_1 1_1 fusion-flex-column\" style=\"--awb-bg-size:cover;--awb-width-large:100%;--awb-margin-top-large:0px;--awb-spacing-right-large:1.92%;--awb-margin-bottom-large:20px;--awb-spacing-left-large:1.92%;--awb-width-medium:100%;--awb-order-medium:0;--awb-spacing-right-medium:1.92%;--awb-spacing-left-medium:1.92%;--awb-width-small:100%;--awb-order-small:0;--awb-spacing-right-small:1.92%;--awb-spacing-left-small:1.92%;\"><div class=\"fusion-column-wrapper fusion-column-has-shadow fusion-flex-justify-content-flex-start fusion-content-layout-column\"><div class=\"fusion-title title fusion-title-4 fusion-sep-none fusion-title-text fusion-title-size-three\" style=\"--awb-text-color:var(--awb-color6);--awb-margin-top-small:10px;--awb-margin-right-small:0px;--awb-margin-bottom-small:10px;--awb-margin-left-small:0px;--awb-font-size:var(--awb-typography5-font-size);\"><h3 class=\"fusion-title-heading title-heading-left fusion-responsive-typography-calculated\" style=\"font-family:var(--awb-typography5-font-family);font-weight:var(--awb-typography5-font-weight);font-style:var(--awb-typography5-font-style);margin:0;letter-spacing:var(--awb-typography5-letter-spacing);text-transform:var(--awb-typography5-text-transform);font-size:1em;--fontSize:21;--minFontSize:21;line-height:var(--awb-typography5-line-height);\">Traumatismes dentals<\/h3><\/div><div class=\"fusion-text fusion-text-4\" style=\"--awb-font-size:var(--awb-typography4-font-size);--awb-line-height:var(--awb-typography4-line-height);--awb-letter-spacing:var(--awb-typography4-letter-spacing);--awb-text-transform:var(--awb-typography4-text-transform);--awb-text-color:var(--awb-color6);--awb-text-font-family:var(--awb-typography4-font-family);--awb-text-font-weight:var(--awb-typography4-font-weight);--awb-text-font-style:var(--awb-typography4-font-style);\"><p>Solen oc\u00f3rrer quan comencen a caminar i posteriorment associats a la pr\u00e0ctica d\u2019esports o jocs. \u00c9s important acudir al dentista ja que <strong>poden implicar trencaments o p\u00e8rdua de dents, ferides en els teixits tous<\/strong> (llavis, frens, genives\u2026)<strong> i fins i tot l\u2019os que suporta les dents. <\/strong>Encara que sembli un cop sense transcend\u00e8ncia \u00e9s priotitari acudir al dentista per a comprovar que tot est\u00e0 correcte.<\/p>\n<p>El m\u00e9s important \u00e9s la prevenci\u00f3 i \u00e9s primordial inculcar en els petits uns bons h\u00e0bits: ensenyar-los a raspallar-se les dents, utilitzar el fil dental i el fluor.<\/p>\n<p><strong>\u00c9s important fer una revisi\u00f3, m\u00ednim, cada 6 mesos a partir dels 4 anys a fi d\u2019anar controlant que tot est\u00e0 correcte.<\/strong><\/p>\n<p>Contacta amb la Doctora Minerva per programar la pr\u00f2xima cita.<\/p>\n<\/div><\/div><\/div><\/div><\/div>\n","protected":false},"excerpt":{"rendered":"","protected":false},"author":1,"featured_media":1018,"comment_status":"closed","ping_status":"closed","sticky":false,"template":"","format":"standard","meta":{"footnotes":""},"categories":[30],"tags":[],"class_list":["post-1306","post","type-post","status-publish","format-standard","has-post-thumbnail","hentry","category-noticies"],"yoast_head":"<!-- This site is optimized with the Yoast SEO plugin v27.4 - https:\/\/yoast.com\/product\/yoast-seo-wordpress\/ -->\n<title>Malalties dentals infantils m\u00e9s comuns i com detectar-les<\/title>\n<meta name=\"description\" content=\"Ens alegra anunciar que ja est\u00e0 disponible la nova zona cardioprotegida en les nostres instal\u00b7lacions, per a donar assist\u00e8ncia a tots els ve\u00efns.\" \/>\n<meta name=\"robots\" content=\"index, follow, max-snippet:-1, max-image-preview:large, max-video-preview:-1\" \/>\n<link rel=\"canonical\" href=\"https:\/\/doctoraminerva.es\/ca\/malalties-dentals-infantils-mes-comuns-i-com-detectar-les\/\" \/>\n<meta property=\"og:locale\" content=\"ca_ES\" \/>\n<meta property=\"og:type\" content=\"article\" \/>\n<meta property=\"og:title\" content=\"Malalties dentals infantils m\u00e9s comuns i com detectar-les\" \/>\n<meta property=\"og:description\" content=\"Ens alegra anunciar que ja est\u00e0 disponible la nova zona cardioprotegida en les nostres instal\u00b7lacions, per a donar assist\u00e8ncia a tots els ve\u00efns.\" \/>\n<meta property=\"og:url\" content=\"https:\/\/doctoraminerva.es\/ca\/malalties-dentals-infantils-mes-comuns-i-com-detectar-les\/\" \/>\n<meta property=\"og:site_name\" content=\"Cl\u00ednica dental en Montcada i Reixac de la Doctora Minerva.\" \/>\n<meta property=\"article:published_time\" content=\"2021-05-03T16:04:48+00:00\" \/>\n<meta property=\"article:modified_time\" content=\"2025-10-02T09:53:08+00:00\" \/>\n<meta property=\"og:image\" content=\"https:\/\/doctoraminerva.es\/wp-content\/uploads\/enfermedades-dentales-infantiles-mas-comunes-y-como-detectarlas_x.webp\" \/>\n\t<meta property=\"og:image:width\" content=\"600\" \/>\n\t<meta property=\"og:image:height\" content=\"446\" \/>\n\t<meta property=\"og:image:type\" content=\"image\/webp\" \/>\n<meta name=\"author\" content=\"Minerva\" \/>\n<meta name=\"twitter:card\" content=\"summary_large_image\" \/>\n<meta name=\"twitter:label1\" content=\"Escrit per\" \/>\n\t<meta name=\"twitter:data1\" content=\"Minerva\" \/>\n\t<meta name=\"twitter:label2\" content=\"Temps estimat de lectura\" \/>\n\t<meta name=\"twitter:data2\" content=\"3 minuts\" \/>\n<script type=\"application\/ld+json\" class=\"yoast-schema-graph\">{\"@context\":\"https:\\\/\\\/schema.org\",\"@graph\":[{\"@type\":\"Article\",\"@id\":\"https:\\\/\\\/doctoraminerva.es\\\/ca\\\/malalties-dentals-infantils-mes-comuns-i-com-detectar-les\\\/#article\",\"isPartOf\":{\"@id\":\"https:\\\/\\\/doctoraminerva.es\\\/ca\\\/malalties-dentals-infantils-mes-comuns-i-com-detectar-les\\\/\"},\"author\":{\"name\":\"Minerva\",\"@id\":\"https:\\\/\\\/doctoraminerva.es\\\/ca\\\/#\\\/schema\\\/person\\\/d07a75491c0215611ce5f01c8ce7621f\"},\"headline\":\"Malalties dentals infantils m\u00e9s comuns i com detectar-les\",\"datePublished\":\"2021-05-03T16:04:48+00:00\",\"dateModified\":\"2025-10-02T09:53:08+00:00\",\"mainEntityOfPage\":{\"@id\":\"https:\\\/\\\/doctoraminerva.es\\\/ca\\\/malalties-dentals-infantils-mes-comuns-i-com-detectar-les\\\/\"},\"wordCount\":4670,\"image\":{\"@id\":\"https:\\\/\\\/doctoraminerva.es\\\/ca\\\/malalties-dentals-infantils-mes-comuns-i-com-detectar-les\\\/#primaryimage\"},\"thumbnailUrl\":\"https:\\\/\\\/doctoraminerva.es\\\/wp-content\\\/uploads\\\/enfermedades-dentales-infantiles-mas-comunes-y-como-detectarlas_x.webp\",\"articleSection\":[\"not\u00edcies\"],\"inLanguage\":\"ca\"},{\"@type\":\"WebPage\",\"@id\":\"https:\\\/\\\/doctoraminerva.es\\\/ca\\\/malalties-dentals-infantils-mes-comuns-i-com-detectar-les\\\/\",\"url\":\"https:\\\/\\\/doctoraminerva.es\\\/ca\\\/malalties-dentals-infantils-mes-comuns-i-com-detectar-les\\\/\",\"name\":\"Malalties dentals infantils m\u00e9s comuns i com detectar-les\",\"isPartOf\":{\"@id\":\"https:\\\/\\\/doctoraminerva.es\\\/ca\\\/#website\"},\"primaryImageOfPage\":{\"@id\":\"https:\\\/\\\/doctoraminerva.es\\\/ca\\\/malalties-dentals-infantils-mes-comuns-i-com-detectar-les\\\/#primaryimage\"},\"image\":{\"@id\":\"https:\\\/\\\/doctoraminerva.es\\\/ca\\\/malalties-dentals-infantils-mes-comuns-i-com-detectar-les\\\/#primaryimage\"},\"thumbnailUrl\":\"https:\\\/\\\/doctoraminerva.es\\\/wp-content\\\/uploads\\\/enfermedades-dentales-infantiles-mas-comunes-y-como-detectarlas_x.webp\",\"datePublished\":\"2021-05-03T16:04:48+00:00\",\"dateModified\":\"2025-10-02T09:53:08+00:00\",\"author\":{\"@id\":\"https:\\\/\\\/doctoraminerva.es\\\/ca\\\/#\\\/schema\\\/person\\\/d07a75491c0215611ce5f01c8ce7621f\"},\"description\":\"Ens alegra anunciar que ja est\u00e0 disponible la nova zona cardioprotegida en les nostres instal\u00b7lacions, per a donar assist\u00e8ncia a tots els ve\u00efns.\",\"breadcrumb\":{\"@id\":\"https:\\\/\\\/doctoraminerva.es\\\/ca\\\/malalties-dentals-infantils-mes-comuns-i-com-detectar-les\\\/#breadcrumb\"},\"inLanguage\":\"ca\",\"potentialAction\":[{\"@type\":\"ReadAction\",\"target\":[\"https:\\\/\\\/doctoraminerva.es\\\/ca\\\/malalties-dentals-infantils-mes-comuns-i-com-detectar-les\\\/\"]}]},{\"@type\":\"ImageObject\",\"inLanguage\":\"ca\",\"@id\":\"https:\\\/\\\/doctoraminerva.es\\\/ca\\\/malalties-dentals-infantils-mes-comuns-i-com-detectar-les\\\/#primaryimage\",\"url\":\"https:\\\/\\\/doctoraminerva.es\\\/wp-content\\\/uploads\\\/enfermedades-dentales-infantiles-mas-comunes-y-como-detectarlas_x.webp\",\"contentUrl\":\"https:\\\/\\\/doctoraminerva.es\\\/wp-content\\\/uploads\\\/enfermedades-dentales-infantiles-mas-comunes-y-como-detectarlas_x.webp\",\"width\":600,\"height\":446,\"caption\":\"Malposiciones dentales\"},{\"@type\":\"BreadcrumbList\",\"@id\":\"https:\\\/\\\/doctoraminerva.es\\\/ca\\\/malalties-dentals-infantils-mes-comuns-i-com-detectar-les\\\/#breadcrumb\",\"itemListElement\":[{\"@type\":\"ListItem\",\"position\":1,\"name\":\"Inici\",\"item\":\"https:\\\/\\\/doctoraminerva.es\\\/ca\\\/\"},{\"@type\":\"ListItem\",\"position\":2,\"name\":\"Malalties dentals infantils m\u00e9s comuns i com detectar-les\"}]},{\"@type\":\"WebSite\",\"@id\":\"https:\\\/\\\/doctoraminerva.es\\\/ca\\\/#website\",\"url\":\"https:\\\/\\\/doctoraminerva.es\\\/ca\\\/\",\"name\":\"Cl\u00ednica dental en Montcada i Reixac de la Doctora Minerva.\",\"description\":\"\",\"potentialAction\":[{\"@type\":\"SearchAction\",\"target\":{\"@type\":\"EntryPoint\",\"urlTemplate\":\"https:\\\/\\\/doctoraminerva.es\\\/ca\\\/?s={search_term_string}\"},\"query-input\":{\"@type\":\"PropertyValueSpecification\",\"valueRequired\":true,\"valueName\":\"search_term_string\"}}],\"inLanguage\":\"ca\"},{\"@type\":\"Person\",\"@id\":\"https:\\\/\\\/doctoraminerva.es\\\/ca\\\/#\\\/schema\\\/person\\\/d07a75491c0215611ce5f01c8ce7621f\",\"name\":\"Minerva\",\"sameAs\":[\"https:\\\/\\\/doctoraminerva.es\"],\"url\":\"https:\\\/\\\/doctoraminerva.es\\\/ca\\\/author\\\/Minerva\\\/\"}]}<\/script>\n<!-- \/ Yoast SEO plugin. -->","yoast_head_json":{"title":"Malalties dentals infantils m\u00e9s comuns i com detectar-les","description":"Ens alegra anunciar que ja est\u00e0 disponible la nova zona cardioprotegida en les nostres instal\u00b7lacions, per a donar assist\u00e8ncia a tots els ve\u00efns.","robots":{"index":"index","follow":"follow","max-snippet":"max-snippet:-1","max-image-preview":"max-image-preview:large","max-video-preview":"max-video-preview:-1"},"canonical":"https:\/\/doctoraminerva.es\/ca\/malalties-dentals-infantils-mes-comuns-i-com-detectar-les\/","og_locale":"ca_ES","og_type":"article","og_title":"Malalties dentals infantils m\u00e9s comuns i com detectar-les","og_description":"Ens alegra anunciar que ja est\u00e0 disponible la nova zona cardioprotegida en les nostres instal\u00b7lacions, per a donar assist\u00e8ncia a tots els ve\u00efns.","og_url":"https:\/\/doctoraminerva.es\/ca\/malalties-dentals-infantils-mes-comuns-i-com-detectar-les\/","og_site_name":"Cl\u00ednica dental en Montcada i Reixac de la Doctora Minerva.","article_published_time":"2021-05-03T16:04:48+00:00","article_modified_time":"2025-10-02T09:53:08+00:00","og_image":[{"width":600,"height":446,"url":"https:\/\/doctoraminerva.es\/wp-content\/uploads\/enfermedades-dentales-infantiles-mas-comunes-y-como-detectarlas_x.webp","type":"image\/webp"}],"author":"Minerva","twitter_card":"summary_large_image","twitter_misc":{"Escrit per":"Minerva","Temps estimat de lectura":"3 minuts"},"schema":{"@context":"https:\/\/schema.org","@graph":[{"@type":"Article","@id":"https:\/\/doctoraminerva.es\/ca\/malalties-dentals-infantils-mes-comuns-i-com-detectar-les\/#article","isPartOf":{"@id":"https:\/\/doctoraminerva.es\/ca\/malalties-dentals-infantils-mes-comuns-i-com-detectar-les\/"},"author":{"name":"Minerva","@id":"https:\/\/doctoraminerva.es\/ca\/#\/schema\/person\/d07a75491c0215611ce5f01c8ce7621f"},"headline":"Malalties dentals infantils m\u00e9s comuns i com detectar-les","datePublished":"2021-05-03T16:04:48+00:00","dateModified":"2025-10-02T09:53:08+00:00","mainEntityOfPage":{"@id":"https:\/\/doctoraminerva.es\/ca\/malalties-dentals-infantils-mes-comuns-i-com-detectar-les\/"},"wordCount":4670,"image":{"@id":"https:\/\/doctoraminerva.es\/ca\/malalties-dentals-infantils-mes-comuns-i-com-detectar-les\/#primaryimage"},"thumbnailUrl":"https:\/\/doctoraminerva.es\/wp-content\/uploads\/enfermedades-dentales-infantiles-mas-comunes-y-como-detectarlas_x.webp","articleSection":["not\u00edcies"],"inLanguage":"ca"},{"@type":"WebPage","@id":"https:\/\/doctoraminerva.es\/ca\/malalties-dentals-infantils-mes-comuns-i-com-detectar-les\/","url":"https:\/\/doctoraminerva.es\/ca\/malalties-dentals-infantils-mes-comuns-i-com-detectar-les\/","name":"Malalties dentals infantils m\u00e9s comuns i com detectar-les","isPartOf":{"@id":"https:\/\/doctoraminerva.es\/ca\/#website"},"primaryImageOfPage":{"@id":"https:\/\/doctoraminerva.es\/ca\/malalties-dentals-infantils-mes-comuns-i-com-detectar-les\/#primaryimage"},"image":{"@id":"https:\/\/doctoraminerva.es\/ca\/malalties-dentals-infantils-mes-comuns-i-com-detectar-les\/#primaryimage"},"thumbnailUrl":"https:\/\/doctoraminerva.es\/wp-content\/uploads\/enfermedades-dentales-infantiles-mas-comunes-y-como-detectarlas_x.webp","datePublished":"2021-05-03T16:04:48+00:00","dateModified":"2025-10-02T09:53:08+00:00","author":{"@id":"https:\/\/doctoraminerva.es\/ca\/#\/schema\/person\/d07a75491c0215611ce5f01c8ce7621f"},"description":"Ens alegra anunciar que ja est\u00e0 disponible la nova zona cardioprotegida en les nostres instal\u00b7lacions, per a donar assist\u00e8ncia a tots els ve\u00efns.","breadcrumb":{"@id":"https:\/\/doctoraminerva.es\/ca\/malalties-dentals-infantils-mes-comuns-i-com-detectar-les\/#breadcrumb"},"inLanguage":"ca","potentialAction":[{"@type":"ReadAction","target":["https:\/\/doctoraminerva.es\/ca\/malalties-dentals-infantils-mes-comuns-i-com-detectar-les\/"]}]},{"@type":"ImageObject","inLanguage":"ca","@id":"https:\/\/doctoraminerva.es\/ca\/malalties-dentals-infantils-mes-comuns-i-com-detectar-les\/#primaryimage","url":"https:\/\/doctoraminerva.es\/wp-content\/uploads\/enfermedades-dentales-infantiles-mas-comunes-y-como-detectarlas_x.webp","contentUrl":"https:\/\/doctoraminerva.es\/wp-content\/uploads\/enfermedades-dentales-infantiles-mas-comunes-y-como-detectarlas_x.webp","width":600,"height":446,"caption":"Malposiciones dentales"},{"@type":"BreadcrumbList","@id":"https:\/\/doctoraminerva.es\/ca\/malalties-dentals-infantils-mes-comuns-i-com-detectar-les\/#breadcrumb","itemListElement":[{"@type":"ListItem","position":1,"name":"Inici","item":"https:\/\/doctoraminerva.es\/ca\/"},{"@type":"ListItem","position":2,"name":"Malalties dentals infantils m\u00e9s comuns i com detectar-les"}]},{"@type":"WebSite","@id":"https:\/\/doctoraminerva.es\/ca\/#website","url":"https:\/\/doctoraminerva.es\/ca\/","name":"Cl\u00ednica dental en Montcada i Reixac de la Doctora Minerva.","description":"","potentialAction":[{"@type":"SearchAction","target":{"@type":"EntryPoint","urlTemplate":"https:\/\/doctoraminerva.es\/ca\/?s={search_term_string}"},"query-input":{"@type":"PropertyValueSpecification","valueRequired":true,"valueName":"search_term_string"}}],"inLanguage":"ca"},{"@type":"Person","@id":"https:\/\/doctoraminerva.es\/ca\/#\/schema\/person\/d07a75491c0215611ce5f01c8ce7621f","name":"Minerva","sameAs":["https:\/\/doctoraminerva.es"],"url":"https:\/\/doctoraminerva.es\/ca\/author\/Minerva\/"}]}},"_links":{"self":[{"href":"https:\/\/doctoraminerva.es\/ca\/wp-json\/wp\/v2\/posts\/1306","targetHints":{"allow":["GET"]}}],"collection":[{"href":"https:\/\/doctoraminerva.es\/ca\/wp-json\/wp\/v2\/posts"}],"about":[{"href":"https:\/\/doctoraminerva.es\/ca\/wp-json\/wp\/v2\/types\/post"}],"author":[{"embeddable":true,"href":"https:\/\/doctoraminerva.es\/ca\/wp-json\/wp\/v2\/users\/1"}],"replies":[{"embeddable":true,"href":"https:\/\/doctoraminerva.es\/ca\/wp-json\/wp\/v2\/comments?post=1306"}],"version-history":[{"count":1,"href":"https:\/\/doctoraminerva.es\/ca\/wp-json\/wp\/v2\/posts\/1306\/revisions"}],"predecessor-version":[{"id":4102,"href":"https:\/\/doctoraminerva.es\/ca\/wp-json\/wp\/v2\/posts\/1306\/revisions\/4102"}],"wp:featuredmedia":[{"embeddable":true,"href":"https:\/\/doctoraminerva.es\/ca\/wp-json\/wp\/v2\/media\/1018"}],"wp:attachment":[{"href":"https:\/\/doctoraminerva.es\/ca\/wp-json\/wp\/v2\/media?parent=1306"}],"wp:term":[{"taxonomy":"category","embeddable":true,"href":"https:\/\/doctoraminerva.es\/ca\/wp-json\/wp\/v2\/categories?post=1306"},{"taxonomy":"post_tag","embeddable":true,"href":"https:\/\/doctoraminerva.es\/ca\/wp-json\/wp\/v2\/tags?post=1306"}],"curies":[{"name":"wp","href":"https:\/\/api.w.org\/{rel}","templated":true}]}}