{"id":1283,"date":"2022-05-24T17:13:18","date_gmt":"2022-05-24T15:13:18","guid":{"rendered":"https:\/\/doctoraminerva.es\/la-nostra-dra-sara-azanza-completa-el-master-en-ortodoncia-plastica\/"},"modified":"2025-09-09T17:51:17","modified_gmt":"2025-09-09T15:51:17","slug":"la-nostra-dra-sara-azanza-completa-el-master-en-ortodoncia-plastica","status":"publish","type":"post","link":"https:\/\/doctoraminerva.es\/ca\/la-nostra-dra-sara-azanza-completa-el-master-en-ortodoncia-plastica\/","title":{"rendered":"La nostra Dra Sara Azanza completa el M\u00e0ster en Ortod\u00f2ncia Pl\u00e0stica"},"content":{"rendered":"<div class=\"fusion-fullwidth fullwidth-box fusion-builder-row-1 fusion-flex-container has-pattern-background has-mask-background nonhundred-percent-fullwidth non-hundred-percent-height-scrolling\" style=\"--link_color: var(--awb-color4);--awb-border-radius-top-left:0px;--awb-border-radius-top-right:0px;--awb-border-radius-bottom-right:0px;--awb-border-radius-bottom-left:0px;--awb-flex-wrap:wrap;\" ><div class=\"fusion-builder-row fusion-row fusion-flex-align-items-flex-start fusion-flex-content-wrap\" style=\"max-width:1508px;margin-left: calc(-4% \/ 2 );margin-right: calc(-4% \/ 2 );\"><div class=\"fusion-layout-column fusion_builder_column fusion-builder-column-0 fusion_builder_column_1_2 1_2 fusion-flex-column\" style=\"--awb-bg-size:cover;--awb-width-large:50%;--awb-margin-top-large:0px;--awb-spacing-right-large:3.84%;--awb-margin-bottom-large:20px;--awb-spacing-left-large:3.84%;--awb-width-medium:50%;--awb-order-medium:0;--awb-spacing-right-medium:3.84%;--awb-spacing-left-medium:3.84%;--awb-width-small:100%;--awb-order-small:0;--awb-spacing-right-small:1.92%;--awb-spacing-left-small:1.92%;\"><div class=\"fusion-column-wrapper fusion-column-has-shadow fusion-flex-justify-content-flex-start fusion-content-layout-column\"><div class=\"fusion-text fusion-text-1\" style=\"--awb-content-alignment:left;--awb-font-size:var(--awb-typography4-font-size);--awb-line-height:var(--awb-typography4-line-height);--awb-letter-spacing:var(--awb-typography4-letter-spacing);--awb-text-transform:var(--awb-typography4-text-transform);--awb-text-color:var(--awb-color6);--awb-text-font-family:var(--awb-typography4-font-family);--awb-text-font-weight:var(--awb-typography4-font-weight);--awb-text-font-style:var(--awb-typography4-font-style);\"><p>Ens alegra molt de compartir amb tots els nostres clients una magn\u00edfica not\u00edcia: la Dra Sara Azanza, que forma part del nostre equip, ha completat durant el mes de maig el M\u00e0ster Intensiu en Ortod\u00f2ncia Pl\u00e0stica.<\/p>\n<p>L\u2019ortod\u00f2ncia pl\u00e0stica \u00e9s el tipus d\u2019ortod\u00f2ncia que es val d\u2019alineadors pl\u00e0stics transparents per fer petits moviments dentals. Gr\u00e0cies a aquestes f\u00e8rules flexibles s\u2019aconsegueix col\u00b7locar cada pe\u00e7a dental a la posici\u00f3 desitjada.<\/p>\n<p>D\u2019aquesta manera, s\u2019eviten problemes greus per a la salut i l\u2019est\u00e8tica com ara l\u2019apinyament dental o la separaci\u00f3 interdental excessiva, de la manera m\u00e9s c\u00f2moda i amb millors resultats. Aix\u00ed mateix, facilita la higiene oral \u00f2ptima i, com a conseq\u00fc\u00e8ncia, la prevenci\u00f3 de malalties periodontals i c\u00e0ries.<\/p>\n<p>A m\u00e9s, la Dra Sara Azanza compta en la seva formaci\u00f3 amb el<strong> M\u00e0ster d\u2019Ortod\u00f2ncia Invisalign,<\/strong> un m\u00e8tode que ha revolucionat la manera de concebre l\u2019odontologia.<\/p>\n<p>Ambdues tecnologies consisteixen en m\u00e8todes revolucionaris al sector de l\u2019odontologia i requisit imprescindible per arribar a tenir una bona oclusi\u00f3.<\/p>\n<p>Per con\u00e8ixer m\u00e9s sobre aquests tractaments, t\u2019animem a llegir m\u00e9s informaci\u00f3 a la p\u00e0gina de la nostra web dedicada a aquest fi fent clic en <strong><a href=\"https:\/\/doctoraminerva.es\/ca\/tractaments\/ortodoncia\/\">aquest link<\/a>.<\/strong><\/p>\n<p>Per con\u00e8ixer m\u00e9s sobre aquests tractaments, t\u2019animem a llegir m\u00e9s informaci\u00f3 a la p\u00e0gina de la nostra web dedicada a aquest fi fent clic en aquest link.<\/p>\n<\/div><\/div><\/div><div class=\"fusion-layout-column fusion_builder_column fusion-builder-column-1 fusion_builder_column_1_2 1_2 fusion-flex-column\" style=\"--awb-bg-size:cover;--awb-width-large:50%;--awb-margin-top-large:0px;--awb-spacing-right-large:3.84%;--awb-margin-bottom-large:20px;--awb-spacing-left-large:3.84%;--awb-width-medium:50%;--awb-order-medium:0;--awb-spacing-right-medium:3.84%;--awb-spacing-left-medium:3.84%;--awb-width-small:100%;--awb-order-small:0;--awb-spacing-right-small:1.92%;--awb-spacing-left-small:1.92%;\"><div class=\"fusion-column-wrapper fusion-column-has-shadow fusion-flex-justify-content-flex-start fusion-content-layout-column\"><div class=\"fusion-image-element \" style=\"--awb-caption-title-font-family:var(--h2_typography-font-family);--awb-caption-title-font-weight:var(--h2_typography-font-weight);--awb-caption-title-font-style:var(--h2_typography-font-style);--awb-caption-title-size:var(--h2_typography-font-size);--awb-caption-title-transform:var(--h2_typography-text-transform);--awb-caption-title-line-height:var(--h2_typography-line-height);--awb-caption-title-letter-spacing:var(--h2_typography-letter-spacing);\"><span class=\" fusion-imageframe imageframe-none imageframe-1 hover-type-none\"><img decoding=\"async\" width=\"600\" height=\"800\" alt=\" La nostra Dra Sara Azanza completa el M\u00e0ster en Ortod\u00f2ncia Pl\u00e0stica\" title=\"nuestra-dra-sara-azanza-completa-el-master-en-ortodoncia-plastica-art_x\" src=\"https:\/\/doctoraminerva.es\/wp-content\/uploads\/nuestra-dra-sara-azanza-completa-el-master-en-ortodoncia-plastica-art_x.webp\" class=\"img-responsive wp-image-936\" srcset=\"https:\/\/doctoraminerva.es\/wp-content\/uploads\/nuestra-dra-sara-azanza-completa-el-master-en-ortodoncia-plastica-art_x-200x267.webp 200w, https:\/\/doctoraminerva.es\/wp-content\/uploads\/nuestra-dra-sara-azanza-completa-el-master-en-ortodoncia-plastica-art_x-400x533.webp 400w, https:\/\/doctoraminerva.es\/wp-content\/uploads\/nuestra-dra-sara-azanza-completa-el-master-en-ortodoncia-plastica-art_x.webp 600w\" sizes=\"(max-width: 780px) 100vw, 600px\" \/><\/span><\/div><\/div><\/div><div class=\"fusion-layout-column fusion_builder_column fusion-builder-column-2 fusion_builder_column_1_1 1_1 fusion-flex-column\" style=\"--awb-bg-size:cover;--awb-width-large:100%;--awb-margin-top-large:0px;--awb-spacing-right-large:1.92%;--awb-margin-bottom-large:20px;--awb-spacing-left-large:1.92%;--awb-width-medium:100%;--awb-order-medium:0;--awb-spacing-right-medium:1.92%;--awb-spacing-left-medium:1.92%;--awb-width-small:100%;--awb-order-small:0;--awb-spacing-right-small:1.92%;--awb-spacing-left-small:1.92%;\"><div class=\"fusion-column-wrapper fusion-column-has-shadow fusion-flex-justify-content-flex-start fusion-content-layout-column\"><div class=\"fusion-text fusion-text-2\" style=\"--awb-font-size:var(--awb-typography4-font-size);--awb-line-height:var(--awb-typography4-line-height);--awb-letter-spacing:var(--awb-typography4-letter-spacing);--awb-text-transform:var(--awb-typography4-text-transform);--awb-text-color:var(--awb-color6);--awb-text-font-family:var(--awb-typography4-font-family);--awb-text-font-weight:var(--awb-typography4-font-weight);--awb-text-font-style:var(--awb-typography4-font-style);\"><p>Citant el fil\u00f2sof angl\u00e8s Herbet Spencer, <em>\u201cel gran objectiu de l\u2019aprenentatge no \u00e9s el coneixement sin\u00f3 l\u2019acci\u00f3\u201d. <\/em> Per aix\u00f2, posem en pr\u00e0ctica tot aquest coneixement pel servei dels nostres clients.<\/p>\n<p>A continuaci\u00f3 podeu veure una imatge del certificat m\u00e9s recent.<\/p>\n<\/div><div class=\"fusion-image-element \" style=\"text-align:center;--awb-margin-top:20px;--awb-margin-bottom:20px;--awb-caption-title-font-family:var(--h2_typography-font-family);--awb-caption-title-font-weight:var(--h2_typography-font-weight);--awb-caption-title-font-style:var(--h2_typography-font-style);--awb-caption-title-size:var(--h2_typography-font-size);--awb-caption-title-transform:var(--h2_typography-text-transform);--awb-caption-title-line-height:var(--h2_typography-line-height);--awb-caption-title-letter-spacing:var(--h2_typography-letter-spacing);\"><span class=\" fusion-imageframe imageframe-none imageframe-2 hover-type-none\" style=\"border:2px solid var(--awb-color2);\"><img decoding=\"async\" width=\"800\" height=\"600\" alt=\"M\u00e0ster en Ortod\u00f2ncia Pl\u00e0stica\" title=\"certificado-master-ortodoncia-plastica_x\" src=\"https:\/\/doctoraminerva.es\/wp-content\/uploads\/certificado-master-ortodoncia-plastica_x.webp\" class=\"img-responsive wp-image-939\" srcset=\"https:\/\/doctoraminerva.es\/wp-content\/uploads\/certificado-master-ortodoncia-plastica_x-200x150.webp 200w, https:\/\/doctoraminerva.es\/wp-content\/uploads\/certificado-master-ortodoncia-plastica_x-400x300.webp 400w, https:\/\/doctoraminerva.es\/wp-content\/uploads\/certificado-master-ortodoncia-plastica_x-600x450.webp 600w, https:\/\/doctoraminerva.es\/wp-content\/uploads\/certificado-master-ortodoncia-plastica_x.webp 800w\" sizes=\"(max-width: 780px) 100vw, 800px\" \/><\/span><\/div><\/div><\/div><\/div><\/div>\n","protected":false},"excerpt":{"rendered":"","protected":false},"author":1,"featured_media":936,"comment_status":"closed","ping_status":"closed","sticky":false,"template":"","format":"standard","meta":{"footnotes":""},"categories":[30],"tags":[],"class_list":["post-1283","post","type-post","status-publish","format-standard","has-post-thumbnail","hentry","category-noticies"],"yoast_head":"<!-- This site is optimized with the Yoast SEO plugin v27.4 - https:\/\/yoast.com\/product\/yoast-seo-wordpress\/ -->\n<title>La Dra. La Mar\u00eda obt\u00e9 el M\u00e0ster de Pr\u00f2tesis sobre Implants i Oclusi\u00f3<\/title>\n<meta name=\"description\" content=\"Comptar amb un equip multidisciplinari \u00e9s fonamental a Doctora Minerva. Llegeix aqu\u00ed sobre l&#039;\u00faltima formaci\u00f3 a la nostra plantilla.\" \/>\n<meta name=\"robots\" content=\"index, follow, max-snippet:-1, max-image-preview:large, max-video-preview:-1\" \/>\n<link rel=\"canonical\" href=\"https:\/\/doctoraminerva.es\/ca\/la-nostra-dra-sara-azanza-completa-el-master-en-ortodoncia-plastica\/\" \/>\n<meta property=\"og:locale\" content=\"ca_ES\" \/>\n<meta property=\"og:type\" content=\"article\" \/>\n<meta property=\"og:title\" content=\"La Dra. La Mar\u00eda obt\u00e9 el M\u00e0ster de Pr\u00f2tesis sobre Implants i Oclusi\u00f3\" \/>\n<meta property=\"og:description\" content=\"Comptar amb un equip multidisciplinari \u00e9s fonamental a Doctora Minerva. Llegeix aqu\u00ed sobre l&#039;\u00faltima formaci\u00f3 a la nostra plantilla.\" \/>\n<meta property=\"og:url\" content=\"https:\/\/doctoraminerva.es\/ca\/la-nostra-dra-sara-azanza-completa-el-master-en-ortodoncia-plastica\/\" \/>\n<meta property=\"og:site_name\" content=\"Cl\u00ednica dental en Montcada i Reixac de la Doctora Minerva.\" \/>\n<meta property=\"article:published_time\" content=\"2022-05-24T15:13:18+00:00\" \/>\n<meta property=\"article:modified_time\" content=\"2025-09-09T15:51:17+00:00\" \/>\n<meta property=\"og:image\" content=\"https:\/\/doctoraminerva.es\/wp-content\/uploads\/nuestra-dra-sara-azanza-completa-el-master-en-ortodoncia-plastica-art_x.webp\" \/>\n\t<meta property=\"og:image:width\" content=\"600\" \/>\n\t<meta property=\"og:image:height\" content=\"800\" \/>\n\t<meta property=\"og:image:type\" content=\"image\/webp\" \/>\n<meta name=\"author\" content=\"Minerva\" \/>\n<meta name=\"twitter:card\" content=\"summary_large_image\" \/>\n<meta name=\"twitter:label1\" content=\"Escrit per\" \/>\n\t<meta name=\"twitter:data1\" content=\"Minerva\" \/>\n\t<meta name=\"twitter:label2\" content=\"Temps estimat de lectura\" \/>\n\t<meta name=\"twitter:data2\" content=\"15 minuts\" \/>\n<script type=\"application\/ld+json\" class=\"yoast-schema-graph\">{\"@context\":\"https:\\\/\\\/schema.org\",\"@graph\":[{\"@type\":\"Article\",\"@id\":\"https:\\\/\\\/doctoraminerva.es\\\/ca\\\/la-nostra-dra-sara-azanza-completa-el-master-en-ortodoncia-plastica\\\/#article\",\"isPartOf\":{\"@id\":\"https:\\\/\\\/doctoraminerva.es\\\/ca\\\/la-nostra-dra-sara-azanza-completa-el-master-en-ortodoncia-plastica\\\/\"},\"author\":{\"name\":\"Minerva\",\"@id\":\"https:\\\/\\\/doctoraminerva.es\\\/ca\\\/#\\\/schema\\\/person\\\/d07a75491c0215611ce5f01c8ce7621f\"},\"headline\":\"La nostra Dra Sara Azanza completa el M\u00e0ster en Ortod\u00f2ncia Pl\u00e0stica\",\"datePublished\":\"2022-05-24T15:13:18+00:00\",\"dateModified\":\"2025-09-09T15:51:17+00:00\",\"mainEntityOfPage\":{\"@id\":\"https:\\\/\\\/doctoraminerva.es\\\/ca\\\/la-nostra-dra-sara-azanza-completa-el-master-en-ortodoncia-plastica\\\/\"},\"wordCount\":2988,\"image\":{\"@id\":\"https:\\\/\\\/doctoraminerva.es\\\/ca\\\/la-nostra-dra-sara-azanza-completa-el-master-en-ortodoncia-plastica\\\/#primaryimage\"},\"thumbnailUrl\":\"https:\\\/\\\/doctoraminerva.es\\\/wp-content\\\/uploads\\\/nuestra-dra-sara-azanza-completa-el-master-en-ortodoncia-plastica-art_x.webp\",\"articleSection\":[\"not\u00edcies\"],\"inLanguage\":\"ca\"},{\"@type\":\"WebPage\",\"@id\":\"https:\\\/\\\/doctoraminerva.es\\\/ca\\\/la-nostra-dra-sara-azanza-completa-el-master-en-ortodoncia-plastica\\\/\",\"url\":\"https:\\\/\\\/doctoraminerva.es\\\/ca\\\/la-nostra-dra-sara-azanza-completa-el-master-en-ortodoncia-plastica\\\/\",\"name\":\"La Dra. La Mar\u00eda obt\u00e9 el M\u00e0ster de Pr\u00f2tesis sobre Implants i Oclusi\u00f3\",\"isPartOf\":{\"@id\":\"https:\\\/\\\/doctoraminerva.es\\\/ca\\\/#website\"},\"primaryImageOfPage\":{\"@id\":\"https:\\\/\\\/doctoraminerva.es\\\/ca\\\/la-nostra-dra-sara-azanza-completa-el-master-en-ortodoncia-plastica\\\/#primaryimage\"},\"image\":{\"@id\":\"https:\\\/\\\/doctoraminerva.es\\\/ca\\\/la-nostra-dra-sara-azanza-completa-el-master-en-ortodoncia-plastica\\\/#primaryimage\"},\"thumbnailUrl\":\"https:\\\/\\\/doctoraminerva.es\\\/wp-content\\\/uploads\\\/nuestra-dra-sara-azanza-completa-el-master-en-ortodoncia-plastica-art_x.webp\",\"datePublished\":\"2022-05-24T15:13:18+00:00\",\"dateModified\":\"2025-09-09T15:51:17+00:00\",\"author\":{\"@id\":\"https:\\\/\\\/doctoraminerva.es\\\/ca\\\/#\\\/schema\\\/person\\\/d07a75491c0215611ce5f01c8ce7621f\"},\"description\":\"Comptar amb un equip multidisciplinari \u00e9s fonamental a Doctora Minerva. Llegeix aqu\u00ed sobre l'\u00faltima formaci\u00f3 a la nostra plantilla.\",\"breadcrumb\":{\"@id\":\"https:\\\/\\\/doctoraminerva.es\\\/ca\\\/la-nostra-dra-sara-azanza-completa-el-master-en-ortodoncia-plastica\\\/#breadcrumb\"},\"inLanguage\":\"ca\",\"potentialAction\":[{\"@type\":\"ReadAction\",\"target\":[\"https:\\\/\\\/doctoraminerva.es\\\/ca\\\/la-nostra-dra-sara-azanza-completa-el-master-en-ortodoncia-plastica\\\/\"]}]},{\"@type\":\"ImageObject\",\"inLanguage\":\"ca\",\"@id\":\"https:\\\/\\\/doctoraminerva.es\\\/ca\\\/la-nostra-dra-sara-azanza-completa-el-master-en-ortodoncia-plastica\\\/#primaryimage\",\"url\":\"https:\\\/\\\/doctoraminerva.es\\\/wp-content\\\/uploads\\\/nuestra-dra-sara-azanza-completa-el-master-en-ortodoncia-plastica-art_x.webp\",\"contentUrl\":\"https:\\\/\\\/doctoraminerva.es\\\/wp-content\\\/uploads\\\/nuestra-dra-sara-azanza-completa-el-master-en-ortodoncia-plastica-art_x.webp\",\"width\":600,\"height\":800,\"caption\":\"Nuestra Dra Sara Azanza completa el M\u00e1ster en Ortodoncia Pl\u00e1stica\"},{\"@type\":\"BreadcrumbList\",\"@id\":\"https:\\\/\\\/doctoraminerva.es\\\/ca\\\/la-nostra-dra-sara-azanza-completa-el-master-en-ortodoncia-plastica\\\/#breadcrumb\",\"itemListElement\":[{\"@type\":\"ListItem\",\"position\":1,\"name\":\"Inici\",\"item\":\"https:\\\/\\\/doctoraminerva.es\\\/ca\\\/\"},{\"@type\":\"ListItem\",\"position\":2,\"name\":\"La nostra Dra Sara Azanza completa el M\u00e0ster en Ortod\u00f2ncia Pl\u00e0stica\"}]},{\"@type\":\"WebSite\",\"@id\":\"https:\\\/\\\/doctoraminerva.es\\\/ca\\\/#website\",\"url\":\"https:\\\/\\\/doctoraminerva.es\\\/ca\\\/\",\"name\":\"Cl\u00ednica dental en Montcada i Reixac de la Doctora Minerva.\",\"description\":\"\",\"potentialAction\":[{\"@type\":\"SearchAction\",\"target\":{\"@type\":\"EntryPoint\",\"urlTemplate\":\"https:\\\/\\\/doctoraminerva.es\\\/ca\\\/?s={search_term_string}\"},\"query-input\":{\"@type\":\"PropertyValueSpecification\",\"valueRequired\":true,\"valueName\":\"search_term_string\"}}],\"inLanguage\":\"ca\"},{\"@type\":\"Person\",\"@id\":\"https:\\\/\\\/doctoraminerva.es\\\/ca\\\/#\\\/schema\\\/person\\\/d07a75491c0215611ce5f01c8ce7621f\",\"name\":\"Minerva\",\"sameAs\":[\"https:\\\/\\\/doctoraminerva.es\"],\"url\":\"https:\\\/\\\/doctoraminerva.es\\\/ca\\\/author\\\/Minerva\\\/\"}]}<\/script>\n<!-- \/ Yoast SEO plugin. -->","yoast_head_json":{"title":"La Dra. La Mar\u00eda obt\u00e9 el M\u00e0ster de Pr\u00f2tesis sobre Implants i Oclusi\u00f3","description":"Comptar amb un equip multidisciplinari \u00e9s fonamental a Doctora Minerva. Llegeix aqu\u00ed sobre l'\u00faltima formaci\u00f3 a la nostra plantilla.","robots":{"index":"index","follow":"follow","max-snippet":"max-snippet:-1","max-image-preview":"max-image-preview:large","max-video-preview":"max-video-preview:-1"},"canonical":"https:\/\/doctoraminerva.es\/ca\/la-nostra-dra-sara-azanza-completa-el-master-en-ortodoncia-plastica\/","og_locale":"ca_ES","og_type":"article","og_title":"La Dra. La Mar\u00eda obt\u00e9 el M\u00e0ster de Pr\u00f2tesis sobre Implants i Oclusi\u00f3","og_description":"Comptar amb un equip multidisciplinari \u00e9s fonamental a Doctora Minerva. Llegeix aqu\u00ed sobre l'\u00faltima formaci\u00f3 a la nostra plantilla.","og_url":"https:\/\/doctoraminerva.es\/ca\/la-nostra-dra-sara-azanza-completa-el-master-en-ortodoncia-plastica\/","og_site_name":"Cl\u00ednica dental en Montcada i Reixac de la Doctora Minerva.","article_published_time":"2022-05-24T15:13:18+00:00","article_modified_time":"2025-09-09T15:51:17+00:00","og_image":[{"width":600,"height":800,"url":"https:\/\/doctoraminerva.es\/wp-content\/uploads\/nuestra-dra-sara-azanza-completa-el-master-en-ortodoncia-plastica-art_x.webp","type":"image\/webp"}],"author":"Minerva","twitter_card":"summary_large_image","twitter_misc":{"Escrit per":"Minerva","Temps estimat de lectura":"15 minuts"},"schema":{"@context":"https:\/\/schema.org","@graph":[{"@type":"Article","@id":"https:\/\/doctoraminerva.es\/ca\/la-nostra-dra-sara-azanza-completa-el-master-en-ortodoncia-plastica\/#article","isPartOf":{"@id":"https:\/\/doctoraminerva.es\/ca\/la-nostra-dra-sara-azanza-completa-el-master-en-ortodoncia-plastica\/"},"author":{"name":"Minerva","@id":"https:\/\/doctoraminerva.es\/ca\/#\/schema\/person\/d07a75491c0215611ce5f01c8ce7621f"},"headline":"La nostra Dra Sara Azanza completa el M\u00e0ster en Ortod\u00f2ncia Pl\u00e0stica","datePublished":"2022-05-24T15:13:18+00:00","dateModified":"2025-09-09T15:51:17+00:00","mainEntityOfPage":{"@id":"https:\/\/doctoraminerva.es\/ca\/la-nostra-dra-sara-azanza-completa-el-master-en-ortodoncia-plastica\/"},"wordCount":2988,"image":{"@id":"https:\/\/doctoraminerva.es\/ca\/la-nostra-dra-sara-azanza-completa-el-master-en-ortodoncia-plastica\/#primaryimage"},"thumbnailUrl":"https:\/\/doctoraminerva.es\/wp-content\/uploads\/nuestra-dra-sara-azanza-completa-el-master-en-ortodoncia-plastica-art_x.webp","articleSection":["not\u00edcies"],"inLanguage":"ca"},{"@type":"WebPage","@id":"https:\/\/doctoraminerva.es\/ca\/la-nostra-dra-sara-azanza-completa-el-master-en-ortodoncia-plastica\/","url":"https:\/\/doctoraminerva.es\/ca\/la-nostra-dra-sara-azanza-completa-el-master-en-ortodoncia-plastica\/","name":"La Dra. La Mar\u00eda obt\u00e9 el M\u00e0ster de Pr\u00f2tesis sobre Implants i Oclusi\u00f3","isPartOf":{"@id":"https:\/\/doctoraminerva.es\/ca\/#website"},"primaryImageOfPage":{"@id":"https:\/\/doctoraminerva.es\/ca\/la-nostra-dra-sara-azanza-completa-el-master-en-ortodoncia-plastica\/#primaryimage"},"image":{"@id":"https:\/\/doctoraminerva.es\/ca\/la-nostra-dra-sara-azanza-completa-el-master-en-ortodoncia-plastica\/#primaryimage"},"thumbnailUrl":"https:\/\/doctoraminerva.es\/wp-content\/uploads\/nuestra-dra-sara-azanza-completa-el-master-en-ortodoncia-plastica-art_x.webp","datePublished":"2022-05-24T15:13:18+00:00","dateModified":"2025-09-09T15:51:17+00:00","author":{"@id":"https:\/\/doctoraminerva.es\/ca\/#\/schema\/person\/d07a75491c0215611ce5f01c8ce7621f"},"description":"Comptar amb un equip multidisciplinari \u00e9s fonamental a Doctora Minerva. Llegeix aqu\u00ed sobre l'\u00faltima formaci\u00f3 a la nostra plantilla.","breadcrumb":{"@id":"https:\/\/doctoraminerva.es\/ca\/la-nostra-dra-sara-azanza-completa-el-master-en-ortodoncia-plastica\/#breadcrumb"},"inLanguage":"ca","potentialAction":[{"@type":"ReadAction","target":["https:\/\/doctoraminerva.es\/ca\/la-nostra-dra-sara-azanza-completa-el-master-en-ortodoncia-plastica\/"]}]},{"@type":"ImageObject","inLanguage":"ca","@id":"https:\/\/doctoraminerva.es\/ca\/la-nostra-dra-sara-azanza-completa-el-master-en-ortodoncia-plastica\/#primaryimage","url":"https:\/\/doctoraminerva.es\/wp-content\/uploads\/nuestra-dra-sara-azanza-completa-el-master-en-ortodoncia-plastica-art_x.webp","contentUrl":"https:\/\/doctoraminerva.es\/wp-content\/uploads\/nuestra-dra-sara-azanza-completa-el-master-en-ortodoncia-plastica-art_x.webp","width":600,"height":800,"caption":"Nuestra Dra Sara Azanza completa el M\u00e1ster en Ortodoncia Pl\u00e1stica"},{"@type":"BreadcrumbList","@id":"https:\/\/doctoraminerva.es\/ca\/la-nostra-dra-sara-azanza-completa-el-master-en-ortodoncia-plastica\/#breadcrumb","itemListElement":[{"@type":"ListItem","position":1,"name":"Inici","item":"https:\/\/doctoraminerva.es\/ca\/"},{"@type":"ListItem","position":2,"name":"La nostra Dra Sara Azanza completa el M\u00e0ster en Ortod\u00f2ncia Pl\u00e0stica"}]},{"@type":"WebSite","@id":"https:\/\/doctoraminerva.es\/ca\/#website","url":"https:\/\/doctoraminerva.es\/ca\/","name":"Cl\u00ednica dental en Montcada i Reixac de la Doctora Minerva.","description":"","potentialAction":[{"@type":"SearchAction","target":{"@type":"EntryPoint","urlTemplate":"https:\/\/doctoraminerva.es\/ca\/?s={search_term_string}"},"query-input":{"@type":"PropertyValueSpecification","valueRequired":true,"valueName":"search_term_string"}}],"inLanguage":"ca"},{"@type":"Person","@id":"https:\/\/doctoraminerva.es\/ca\/#\/schema\/person\/d07a75491c0215611ce5f01c8ce7621f","name":"Minerva","sameAs":["https:\/\/doctoraminerva.es"],"url":"https:\/\/doctoraminerva.es\/ca\/author\/Minerva\/"}]}},"_links":{"self":[{"href":"https:\/\/doctoraminerva.es\/ca\/wp-json\/wp\/v2\/posts\/1283","targetHints":{"allow":["GET"]}}],"collection":[{"href":"https:\/\/doctoraminerva.es\/ca\/wp-json\/wp\/v2\/posts"}],"about":[{"href":"https:\/\/doctoraminerva.es\/ca\/wp-json\/wp\/v2\/types\/post"}],"author":[{"embeddable":true,"href":"https:\/\/doctoraminerva.es\/ca\/wp-json\/wp\/v2\/users\/1"}],"replies":[{"embeddable":true,"href":"https:\/\/doctoraminerva.es\/ca\/wp-json\/wp\/v2\/comments?post=1283"}],"version-history":[{"count":0,"href":"https:\/\/doctoraminerva.es\/ca\/wp-json\/wp\/v2\/posts\/1283\/revisions"}],"wp:featuredmedia":[{"embeddable":true,"href":"https:\/\/doctoraminerva.es\/ca\/wp-json\/wp\/v2\/media\/936"}],"wp:attachment":[{"href":"https:\/\/doctoraminerva.es\/ca\/wp-json\/wp\/v2\/media?parent=1283"}],"wp:term":[{"taxonomy":"category","embeddable":true,"href":"https:\/\/doctoraminerva.es\/ca\/wp-json\/wp\/v2\/categories?post=1283"},{"taxonomy":"post_tag","embeddable":true,"href":"https:\/\/doctoraminerva.es\/ca\/wp-json\/wp\/v2\/tags?post=1283"}],"curies":[{"name":"wp","href":"https:\/\/api.w.org\/{rel}","templated":true}]}}